{"id":14946,"date":"2026-09-01T09:46:08","date_gmt":"2026-09-01T07:46:08","guid":{"rendered":"https:\/\/ffst.fr\/?p=14946"},"modified":"2026-09-01T09:47:46","modified_gmt":"2026-09-01T07:47:46","slug":"formation-shiatsu-chirurgie-et-cicatrice-3-4-oct-2026-geneve-2","status":"publish","type":"post","link":"https:\/\/ffst.fr\/?p=14946","title":{"rendered":"Formation Shiatsu Chirurgie et Cicatrice, 17-20 f\u00e9vrier 2027 \u00e0 Paris"},"content":{"rendered":"\t\t<div data-elementor-type=\"wp-post\" data-elementor-id=\"14946\" class=\"elementor elementor-14946\" data-elementor-post-type=\"post\">\n\t\t\t\t<div class=\"elementor-element elementor-element-219005f1 e-flex e-con-boxed e-con e-parent\" data-id=\"219005f1\" data-element_type=\"container\" data-e-type=\"container\" data-settings=\"{&quot;background_background&quot;:&quot;classic&quot;}\">\n\t\t\t\t\t<div class=\"e-con-inner\">\n\t\t\t\t<div class=\"elementor-element elementor-element-9318f82 elementor-widget elementor-widget-heading\" data-id=\"9318f82\" data-element_type=\"widget\" data-e-type=\"widget\" data-widget_type=\"heading.default\">\n\t\t\t\t<div class=\"elementor-widget-container\">\n\t\t\t\t\t<h1 class=\"elementor-heading-title elementor-size-default\">Formation Shiatsu Chirurgie et Cicatrice, 17-20 f\u00e9vrier 2027 \u00e0 Paris<\/h1>\t\t\t\t<\/div>\n\t\t\t\t<\/div>\n\t\t<div class=\"elementor-element elementor-element-95460f8 e-flex e-con-boxed e-con e-child\" data-id=\"95460f8\" data-element_type=\"container\" data-e-type=\"container\">\n\t\t\t\t\t<div class=\"e-con-inner\">\n\t\t<div class=\"elementor-element elementor-element-6d6f18e3 e-flex e-con-boxed e-con e-child\" data-id=\"6d6f18e3\" data-element_type=\"container\" data-e-type=\"container\">\n\t\t\t\t\t<div class=\"e-con-inner\">\n\t\t\t\t<div class=\"elementor-element elementor-element-701b1b13 elementor-widget elementor-widget-text-editor\" data-id=\"701b1b13\" data-element_type=\"widget\" data-e-type=\"widget\" data-widget_type=\"text-editor.default\">\n\t\t\t\t<div class=\"elementor-widget-container\">\n\t\t\t\t\t\t\t\t\t<div id=\"comp-m36bdrcj1\" class=\"N8MGzv _v6ohL PO9MfV AWXfZq comp-m36bdrcj1 wixui-rich-text\" data-testid=\"richTextElement\">\n<p class=\"font_7 wixui-rich-text__text\"><span class=\"wixui-rich-text__text\">Formation en pr\u00e9sentielle \u00e0 Paris<\/span><\/p>\n<\/div>\n<div id=\"comp-m36bdrcl4\" class=\"N8MGzv _v6ohL PO9MfV AWXfZq comp-m36bdrcl4 wixui-rich-text\" data-testid=\"richTextElement\">\n<p class=\"font_7 wixui-rich-text__text\"><span class=\"wixui-rich-text__text\">900 \u20ac\u00a0net de TVA payable en 2 fois<\/span><span class=\"wixui-rich-text__text\">\u200b<\/span><\/p>\n<\/div>\n<div id=\"comp-m36bdrcm4\" class=\"comp-m36bdrcm4 wixui-vector-image\">\n<div class=\"iL7Pq5 gx51wo\" data-testid=\"svgRoot-comp-m36bdrcm4\">Dur\u00e9e 28h (4 jours)<\/div>\n<\/div>\n<div id=\"comp-m36bdrcp1\" class=\"comp-m36bdrcp1 wixui-vector-image\">\n<div class=\"iL7Pq5 gx51wo\" data-testid=\"svgRoot-comp-m36bdrcp1\">\u00a0<\/div>\n<\/div>\t\t\t\t\t\t\t\t<\/div>\n\t\t\t\t<\/div>\n\t\t\t\t<div class=\"elementor-element elementor-element-73bf8993 elementor-widget elementor-widget-button\" data-id=\"73bf8993\" data-element_type=\"widget\" data-e-type=\"widget\" data-widget_type=\"button.default\">\n\t\t\t\t<div class=\"elementor-widget-container\">\n\t\t\t\t\t\t\t\t\t<div class=\"elementor-button-wrapper\">\n\t\t\t\t\t<a class=\"elementor-button elementor-button-link elementor-size-sm\" href=\"https:\/\/www.fannyroque.fr\/formation-shiatsu-cancer-cicatrices\" target=\"_blank\">\n\t\t\t\t\t\t<span class=\"elementor-button-content-wrapper\">\n\t\t\t\t\t\t<span class=\"elementor-button-icon\">\n\t\t\t\t<svg aria-hidden=\"true\" class=\"e-font-icon-svg e-fas-external-link-alt\" viewBox=\"0 0 512 512\" xmlns=\"http:\/\/www.w3.org\/2000\/svg\"><path d=\"M432,320H400a16,16,0,0,0-16,16V448H64V128H208a16,16,0,0,0,16-16V80a16,16,0,0,0-16-16H48A48,48,0,0,0,0,112V464a48,48,0,0,0,48,48H400a48,48,0,0,0,48-48V336A16,16,0,0,0,432,320ZM488,0h-128c-21.37,0-32.05,25.91-17,41l35.73,35.73L135,320.37a24,24,0,0,0,0,34L157.67,377a24,24,0,0,0,34,0L435.28,133.32,471,169c15,15,41,4.5,41-17V24A24,24,0,0,0,488,0Z\"><\/path><\/svg>\t\t\t<\/span>\n\t\t\t\t\t\t\t\t\t<span class=\"elementor-button-text\">En savoir plus<\/span>\n\t\t\t\t\t<\/span>\n\t\t\t\t\t<\/a>\n\t\t\t\t<\/div>\n\t\t\t\t\t\t\t\t<\/div>\n\t\t\t\t<\/div>\n\t\t\t\t\t<\/div>\n\t\t\t\t<\/div>\n\t\t<div class=\"elementor-element elementor-element-56bd0471 e-flex e-con-boxed e-con e-child\" data-id=\"56bd0471\" data-element_type=\"container\" data-e-type=\"container\">\n\t\t\t\t\t<div class=\"e-con-inner\">\n\t\t\t\t<div class=\"elementor-element elementor-element-48a24d7f elementor-widget elementor-widget-image\" data-id=\"48a24d7f\" data-element_type=\"widget\" data-e-type=\"widget\" data-widget_type=\"image.default\">\n\t\t\t\t<div class=\"elementor-widget-container\">\n\t\t\t\t\t\t\t\t\t\t\t\t\t\t\t\t<a href=\"https:\/\/ffst.fr\/wp-content\/uploads\/2026\/09\/formation-cicatrices.jpg\" data-elementor-open-lightbox=\"yes\" data-e-action-hash=\"#elementor-action%3Aaction%3Dlightbox%26settings%3DeyJpZCI6MTQ5NDQsInVybCI6Imh0dHBzOlwvXC9mZnN0LmZyXC93cC1jb250ZW50XC91cGxvYWRzXC8yMDI2XC8wOVwvZm9ybWF0aW9uLWNpY2F0cmljZXMuanBnIn0%3D\">\n\t\t\t\t\t\t\t<img fetchpriority=\"high\" decoding=\"async\" width=\"1080\" height=\"1350\" src=\"https:\/\/ffst.fr\/wp-content\/uploads\/2026\/09\/formation-cicatrices.jpg\" class=\"attachment-full size-full wp-image-14944\" alt=\"\" srcset=\"https:\/\/ffst.fr\/wp-content\/uploads\/2026\/09\/formation-cicatrices.jpg 1080w, https:\/\/ffst.fr\/wp-content\/uploads\/2026\/09\/formation-cicatrices-240x300.jpg 240w, https:\/\/ffst.fr\/wp-content\/uploads\/2026\/09\/formation-cicatrices-819x1024.jpg 819w, https:\/\/ffst.fr\/wp-content\/uploads\/2026\/09\/formation-cicatrices-768x960.jpg 768w, https:\/\/ffst.fr\/wp-content\/uploads\/2026\/09\/formation-cicatrices-600x750.jpg 600w\" sizes=\"(max-width: 1080px) 100vw, 1080px\" \/>\t\t\t\t\t\t\t\t<\/a>\n\t\t\t\t\t\t\t\t\t\t\t\t\t\t\t<\/div>\n\t\t\t\t<\/div>\n\t\t\t\t\t<\/div>\n\t\t\t\t<\/div>\n\t\t\t\t\t<\/div>\n\t\t\t\t<\/div>\n\t\t\t\t<div class=\"elementor-element elementor-element-1f5f0f5b elementor-widget__width-inherit elementor-widget elementor-widget-text-editor\" data-id=\"1f5f0f5b\" data-element_type=\"widget\" data-e-type=\"widget\" data-widget_type=\"text-editor.default\">\n\t\t\t\t<div class=\"elementor-widget-container\">\n\t\t\t\t\t\t\t\t\t<div id=\"comp-m36bdrcx1\" class=\"N8MGzv _v6ohL PO9MfV AWXfZq comp-m36bdrcx1 wixui-rich-text\" data-testid=\"richTextElement\"><h2 class=\"font_2 wixui-rich-text__text\">Programme de la formation<\/h2><\/div><div id=\"comp-m36bdrcz1\" class=\"N8MGzv _v6ohL PO9MfV AWXfZq comp-m36bdrcz1 wixui-rich-text\" data-testid=\"richTextElement\"><p class=\"font_7 wixui-rich-text__text\"><span class=\"wixui-rich-text__text\">Quand on re\u00e7oit une personne ayant un cancer, on peut se sentir vite d\u00e9munie. Craignant de faire des gestes contre indiqu\u00e9s, on pratique un Shiatsu du bout des doigts, apportant peu de confort \u00e0 la personne.<\/span><\/p><p class=\"font_7 wixui-rich-text__text\">\u00a0<\/p><p class=\"font_7 wixui-rich-text__text\"><span class=\"wixui-rich-text__text\">Cette formation met l&#8217;accent sur la pratique, en enseignant quelles sont les gestes \u00e0 \u00e9viter mais surtout comment apporter du bien \u00eatre en Shiatsu pendant les traitements pour des personnes ayant un suivi m\u00e9dical r\u00e9gulier. Vous pourrez appliquer ces techniques imm\u00e9diatement, le dernier jour de la formation, en r\u00e9alisant un Shiatsu sur des personnes en pr\u00e9 ou post-op\u00e9ratoire, g\u00e9r\u00e9es par le corps m\u00e9dical<\/span><\/p><p class=\"font_7 wixui-rich-text__text\">\u00a0<\/p><p class=\"font_7 wixui-rich-text__text\"><span class=\"wixui-rich-text__text\">Depuis de nombreuses ann\u00e9es, Fanny Roque soutient les personnes en parcours m\u00e9dical suivi de canc\u00e9rologie \u00e0 la Ligue contre le Cancer et \u00e0 L&#8217;institut du Sein d&#8217;Aquitaine pour leur apporter confort et bien \u00eatre. En 2020, elle forme les infirmi\u00e8res et aides soignants \u00e0 la Polyclinique de Bordeaux Nord et pr\u00e9sente le Shiatsu lors de conf\u00e9rences aupr\u00e8s de professionnel.les de sant\u00e9.<\/span><\/p><p class=\"font_7 wixui-rich-text__text\">\u00a0<\/p><p class=\"font_7 wixui-rich-text__text\"><span class=\"wixui-rich-text__text\">Marion Dubes, kin\u00e9sith\u00e9rapeute sp\u00e9cialis\u00e9e en s\u00e9nologie, compl\u00e8te la formation en pr\u00e9sentant la pathologie cancer, et en faisant pratiquer l&#8217;anatomie palpatoire.<\/span><\/p><p class=\"font_7 wixui-rich-text__text\"><span class=\"wixui-rich-text__text\">\u200b<\/span><\/p><p class=\"font_7 wixui-rich-text__text\"><span class=\"wixui-rich-text__text\">Cette formation se compl\u00e8te de 2 autres modules de formation : &#8220;<a class=\"wixui-rich-text__text\" href=\"https:\/\/www.fannyroque.fr\/formation-shiatsu-cancer-cicatrices\" target=\"_self\">Shiatsu Cancer chimioth\u00e9rapie<\/a>&#8221; et &#8220;<a class=\"wixui-rich-text__text\" href=\"https:\/\/www.fannyroque.fr\/formation-shiatsu-cancer-traitements-cibles\" target=\"_self\">Shiatsu Cancer Traitements cibl\u00e9s (radioth\u00e9rapie, hormonoth\u00e9rapie et syst\u00e8me lymphatique)<\/a>&#8220;.<\/span><\/p><p class=\"font_7 wixui-rich-text__text\">\u00a0<\/p><p class=\"font_7 wixui-rich-text__text\"><span class=\"wixui-rich-text__text\">Formation r\u00e9alis\u00e9e en partenariat avec La ligue contre le cancer et L&#8217;institut du Sein d&#8217;Aquitaine.<\/span><\/p><p class=\"font_7 wixui-rich-text__text\"><span class=\"wixui-rich-text__text\">Cette formation n&#8217;a pas pour objectif de traiter le cancer, qui rel\u00e8ve du corps m\u00e9dical, mais d&#8217; accompagner par le shiatsu, les personnes ayant un suivi m\u00e9dical r\u00e9gulier de cette pathologie,\u00a0 dans un but de confort et de qualit\u00e9 de vie.\u00a0<\/span><\/p><p class=\"font_7 wixui-rich-text__text\">\u00a0<\/p><p class=\"font_7 wixui-rich-text__text\"><span class=\"color_42 wixui-rich-text__text\"><span class=\"wixui-rich-text__text\">Le + de la formation :<\/span><\/span><\/p><p class=\"font_7 wixui-rich-text__text\">La possibilit\u00e9 de r\u00e9aliser un shiatsu bien \u00eatre pour une personne ayant un suivi en chimioth\u00e9rapie.<\/p><p class=\"font_7 wixui-rich-text__text\"><span class=\"wixui-rich-text__text\">L&#8217;aspect professionnel de la formation, avec des \u00e9l\u00e9ments sur la communication. Apr\u00e8s le stage, nous restons en contact via un groupe priv\u00e9 et une visio &#8220;retour d&#8217;exp\u00e9rience&#8221; 3 mois apr\u00e8s la formation. L&#8217;e-learning contenant les supports de cours, les vid\u00e9os des techniques et les supports de communications resteront accessibles apr\u00e8s la formation sans limite de temps.<\/span><\/p><p class=\"font_7 wixui-rich-text__text\"><span class=\"wixui-rich-text__text\">\u200b<\/span><\/p><p class=\"font_7 wixui-rich-text__text\"><span class=\"wixui-rich-text__text\">Organisme de formation certifi\u00e9 Qualiopi par l&#8217;\u00c9tat. Vous pouvez faire financer votre formation par votre OPCO. Pour savoir comment faire,\u00a0<a class=\"wixui-rich-text__text\" href=\"https:\/\/www.fannyroque.fr\/copie-de-infos-pratiques-formations\" target=\"_self\">c&#8217;est par ici<\/a>.<\/span><\/p><\/div>\t\t\t\t\t\t\t\t<\/div>\n\t\t\t\t<\/div>\n\t\t\t\t<div class=\"elementor-element elementor-element-3cd44c21 elementor-widget elementor-widget-image\" data-id=\"3cd44c21\" data-element_type=\"widget\" data-e-type=\"widget\" data-widget_type=\"image.default\">\n\t\t\t\t<div class=\"elementor-widget-container\">\n\t\t\t\t\t\t\t\t\t\t\t\t\t\t\t<img decoding=\"async\" width=\"500\" height=\"500\" src=\"https:\/\/ffst.fr\/wp-content\/uploads\/2024\/01\/federation-francaise-de-shiatsu-traditionnel-logo.png\" class=\"attachment-large size-large wp-image-744\" alt=\"Logo F\u00e9d\u00e9ration Fran\u00e7aise de Shiatsu Traditionnel\" srcset=\"https:\/\/ffst.fr\/wp-content\/uploads\/2024\/01\/federation-francaise-de-shiatsu-traditionnel-logo.png 500w, https:\/\/ffst.fr\/wp-content\/uploads\/2024\/01\/federation-francaise-de-shiatsu-traditionnel-logo-300x300.png 300w, https:\/\/ffst.fr\/wp-content\/uploads\/2024\/01\/federation-francaise-de-shiatsu-traditionnel-logo-150x150.png 150w\" sizes=\"(max-width: 500px) 100vw, 500px\" \/>\t\t\t\t\t\t\t\t\t\t\t\t\t\t\t<\/div>\n\t\t\t\t<\/div>\n\t\t\t\t<div class=\"elementor-element elementor-element-1aa2ee19 elementor-widget elementor-widget-html\" data-id=\"1aa2ee19\" data-element_type=\"widget\" data-e-type=\"widget\" data-widget_type=\"html.default\">\n\t\t\t\t<div class=\"elementor-widget-container\">\n\t\t\t\t\t<button onclick=\"goBack()\">Retour \u00e0 la page pr\u00e9c\u00e9dente<\/button>\r\n\r\n<script>\r\nfunction goBack() {\r\n  window.history.back();\r\n}\r\n<\/script>\t\t\t\t<\/div>\n\t\t\t\t<\/div>\n\t\t\t\t\t<\/div>\n\t\t\t\t<\/div>\n\t\t\t\t<\/div>\n\t\t","protected":false},"excerpt":{"rendered":"<p>Formation en pr\u00e9sentielle \u00e0 Paris 900 \u20ac\u00a0net de TVA payable en 2 fois\u200b Dur\u00e9e 28h (4 jours) \u00a0 En savoir plus Programme de la formation Quand on re\u00e7oit une personne ayant un cancer, on peut se sentir vite d\u00e9munie. Craignant de faire des gestes contre indiqu\u00e9s, on pratique un Shiatsu du bout des doigts, apportant [&hellip;]<\/p>\n","protected":false},"author":4,"featured_media":14944,"comment_status":"closed","ping_status":"closed","sticky":false,"template":"","format":"standard","meta":{"_acf_changed":false,"inline_featured_image":false,"footnotes":""},"categories":[10],"tags":[69],"class_list":["post-14946","post","type-post","status-publish","format-standard","has-post-thumbnail","hentry","category-stages","tag-shiatsu-humain"],"acf":[],"yoast_head":"<!-- This site is optimized with the Yoast SEO plugin v28.3 - https:\/\/yoast.com\/product\/yoast-seo-wordpress\/ -->\n<title>Formation Shiatsu Chirurgie et Cicatrice, 17-20 f\u00e9vrier 2027 \u00e0 Paris - F\u00e9d\u00e9ration Fran\u00e7aise de Shiatsu Traditionnel<\/title>\n<meta name=\"robots\" content=\"index, follow, max-snippet:-1, max-image-preview:large, max-video-preview:-1\" \/>\n<link rel=\"canonical\" href=\"https:\/\/ffst.fr\/formation-shiatsu-chirurgie-et-cicatrice-3-4-oct-2026-geneve-2\/\" \/>\n<meta property=\"og:locale\" content=\"fr_FR\" \/>\n<meta property=\"og:type\" content=\"article\" \/>\n<meta property=\"og:title\" content=\"Formation Shiatsu Chirurgie et Cicatrice, 17-20 f\u00e9vrier 2027 \u00e0 Paris - F\u00e9d\u00e9ration Fran\u00e7aise de Shiatsu Traditionnel\" \/>\n<meta property=\"og:description\" content=\"Formation en pr\u00e9sentielle \u00e0 Paris 900 \u20ac\u00a0net de TVA payable en 2 fois\u200b Dur\u00e9e 28h (4 jours) \u00a0 En savoir plus Programme de la formation Quand on re\u00e7oit une personne ayant un cancer, on peut se sentir vite d\u00e9munie. Craignant de faire des gestes contre indiqu\u00e9s, on pratique un Shiatsu du bout des doigts, apportant [&hellip;]\" \/>\n<meta property=\"og:url\" content=\"https:\/\/ffst.fr\/formation-shiatsu-chirurgie-et-cicatrice-3-4-oct-2026-geneve-2\/\" \/>\n<meta property=\"og:site_name\" content=\"F\u00e9d\u00e9ration Fran\u00e7aise de Shiatsu Traditionnel\" \/>\n<meta property=\"article:published_time\" content=\"2026-09-01T07:46:08+00:00\" \/>\n<meta property=\"article:modified_time\" content=\"2026-09-01T07:47:46+00:00\" \/>\n<meta property=\"og:image\" content=\"https:\/\/ffst.fr\/wp-content\/uploads\/2026\/09\/formation-cicatrices.jpg\" \/>\n\t<meta property=\"og:image:width\" content=\"1080\" \/>\n\t<meta property=\"og:image:height\" content=\"1350\" \/>\n\t<meta property=\"og:image:type\" content=\"image\/jpeg\" \/>\n<meta name=\"author\" content=\"Elisa FOURCASSIES\" \/>\n<meta name=\"twitter:card\" content=\"summary_large_image\" \/>\n<meta name=\"twitter:label1\" content=\"\u00c9crit par\" \/>\n\t<meta name=\"twitter:data1\" content=\"Elisa FOURCASSIES\" \/>\n\t<meta name=\"twitter:label2\" content=\"Dur\u00e9e de lecture estim\u00e9e\" \/>\n\t<meta name=\"twitter:data2\" content=\"3 minutes\" \/>\n<script type=\"application\/ld+json\" class=\"yoast-schema-graph\">{\"@context\":\"https:\\\/\\\/schema.org\",\"@graph\":[{\"@type\":\"Article\",\"@id\":\"https:\\\/\\\/ffst.fr\\\/formation-shiatsu-chirurgie-et-cicatrice-3-4-oct-2026-geneve-2\\\/#article\",\"isPartOf\":{\"@id\":\"https:\\\/\\\/ffst.fr\\\/formation-shiatsu-chirurgie-et-cicatrice-3-4-oct-2026-geneve-2\\\/\"},\"author\":{\"name\":\"Elisa FOURCASSIES\",\"@id\":\"https:\\\/\\\/ffst.fr\\\/#\\\/schema\\\/person\\\/d5ceac8a803a0c7956c7c40306cd5d16\"},\"headline\":\"Formation Shiatsu Chirurgie et Cicatrice, 17-20 f\u00e9vrier 2027 \u00e0 Paris\",\"datePublished\":\"2026-09-01T07:46:08+00:00\",\"dateModified\":\"2026-09-01T07:47:46+00:00\",\"mainEntityOfPage\":{\"@id\":\"https:\\\/\\\/ffst.fr\\\/formation-shiatsu-chirurgie-et-cicatrice-3-4-oct-2026-geneve-2\\\/\"},\"wordCount\":445,\"image\":{\"@id\":\"https:\\\/\\\/ffst.fr\\\/formation-shiatsu-chirurgie-et-cicatrice-3-4-oct-2026-geneve-2\\\/#primaryimage\"},\"thumbnailUrl\":\"https:\\\/\\\/ffst.fr\\\/wp-content\\\/uploads\\\/2026\\\/09\\\/formation-cicatrices.jpg\",\"keywords\":[\"Shiatsu humain\"],\"articleSection\":[\"Stages\"],\"inLanguage\":\"fr-FR\"},{\"@type\":\"WebPage\",\"@id\":\"https:\\\/\\\/ffst.fr\\\/formation-shiatsu-chirurgie-et-cicatrice-3-4-oct-2026-geneve-2\\\/\",\"url\":\"https:\\\/\\\/ffst.fr\\\/formation-shiatsu-chirurgie-et-cicatrice-3-4-oct-2026-geneve-2\\\/\",\"name\":\"Formation Shiatsu Chirurgie et Cicatrice, 17-20 f\u00e9vrier 2027 \u00e0 Paris - F\u00e9d\u00e9ration Fran\u00e7aise de Shiatsu Traditionnel\",\"isPartOf\":{\"@id\":\"https:\\\/\\\/ffst.fr\\\/#website\"},\"primaryImageOfPage\":{\"@id\":\"https:\\\/\\\/ffst.fr\\\/formation-shiatsu-chirurgie-et-cicatrice-3-4-oct-2026-geneve-2\\\/#primaryimage\"},\"image\":{\"@id\":\"https:\\\/\\\/ffst.fr\\\/formation-shiatsu-chirurgie-et-cicatrice-3-4-oct-2026-geneve-2\\\/#primaryimage\"},\"thumbnailUrl\":\"https:\\\/\\\/ffst.fr\\\/wp-content\\\/uploads\\\/2026\\\/09\\\/formation-cicatrices.jpg\",\"datePublished\":\"2026-09-01T07:46:08+00:00\",\"dateModified\":\"2026-09-01T07:47:46+00:00\",\"author\":{\"@id\":\"https:\\\/\\\/ffst.fr\\\/#\\\/schema\\\/person\\\/d5ceac8a803a0c7956c7c40306cd5d16\"},\"breadcrumb\":{\"@id\":\"https:\\\/\\\/ffst.fr\\\/formation-shiatsu-chirurgie-et-cicatrice-3-4-oct-2026-geneve-2\\\/#breadcrumb\"},\"inLanguage\":\"fr-FR\",\"potentialAction\":[{\"@type\":\"ReadAction\",\"target\":[\"https:\\\/\\\/ffst.fr\\\/formation-shiatsu-chirurgie-et-cicatrice-3-4-oct-2026-geneve-2\\\/\"]}]},{\"@type\":\"ImageObject\",\"inLanguage\":\"fr-FR\",\"@id\":\"https:\\\/\\\/ffst.fr\\\/formation-shiatsu-chirurgie-et-cicatrice-3-4-oct-2026-geneve-2\\\/#primaryimage\",\"url\":\"https:\\\/\\\/ffst.fr\\\/wp-content\\\/uploads\\\/2026\\\/09\\\/formation-cicatrices.jpg\",\"contentUrl\":\"https:\\\/\\\/ffst.fr\\\/wp-content\\\/uploads\\\/2026\\\/09\\\/formation-cicatrices.jpg\",\"width\":1080,\"height\":1350},{\"@type\":\"BreadcrumbList\",\"@id\":\"https:\\\/\\\/ffst.fr\\\/formation-shiatsu-chirurgie-et-cicatrice-3-4-oct-2026-geneve-2\\\/#breadcrumb\",\"itemListElement\":[{\"@type\":\"ListItem\",\"position\":1,\"name\":\"Accueil\",\"item\":\"https:\\\/\\\/ffst.fr\\\/\"},{\"@type\":\"ListItem\",\"position\":2,\"name\":\"Formation Shiatsu Chirurgie et Cicatrice, 17-20 f\u00e9vrier 2027 \u00e0 Paris\"}]},{\"@type\":\"WebSite\",\"@id\":\"https:\\\/\\\/ffst.fr\\\/#website\",\"url\":\"https:\\\/\\\/ffst.fr\\\/\",\"name\":\"F\u00e9d\u00e9ration Fran\u00e7aise de Shiatsu Traditionnel\",\"description\":\"\",\"potentialAction\":[{\"@type\":\"SearchAction\",\"target\":{\"@type\":\"EntryPoint\",\"urlTemplate\":\"https:\\\/\\\/ffst.fr\\\/?s={search_term_string}\"},\"query-input\":{\"@type\":\"PropertyValueSpecification\",\"valueRequired\":true,\"valueName\":\"search_term_string\"}}],\"inLanguage\":\"fr-FR\"},{\"@type\":\"Person\",\"@id\":\"https:\\\/\\\/ffst.fr\\\/#\\\/schema\\\/person\\\/d5ceac8a803a0c7956c7c40306cd5d16\",\"name\":\"Elisa FOURCASSIES\",\"image\":{\"@type\":\"ImageObject\",\"inLanguage\":\"fr-FR\",\"@id\":\"https:\\\/\\\/secure.gravatar.com\\\/avatar\\\/9078bc962ff067f2d156410f2058f821828d682e9553632beead89e3db3535d5?s=96&d=mm&r=g\",\"url\":\"https:\\\/\\\/secure.gravatar.com\\\/avatar\\\/9078bc962ff067f2d156410f2058f821828d682e9553632beead89e3db3535d5?s=96&d=mm&r=g\",\"contentUrl\":\"https:\\\/\\\/secure.gravatar.com\\\/avatar\\\/9078bc962ff067f2d156410f2058f821828d682e9553632beead89e3db3535d5?s=96&d=mm&r=g\",\"caption\":\"Elisa FOURCASSIES\"}}]}<\/script>\n<!-- \/ Yoast SEO plugin. -->","yoast_head_json":{"title":"Formation Shiatsu Chirurgie et Cicatrice, 17-20 f\u00e9vrier 2027 \u00e0 Paris - F\u00e9d\u00e9ration Fran\u00e7aise de Shiatsu Traditionnel","robots":{"index":"index","follow":"follow","max-snippet":"max-snippet:-1","max-image-preview":"max-image-preview:large","max-video-preview":"max-video-preview:-1"},"canonical":"https:\/\/ffst.fr\/formation-shiatsu-chirurgie-et-cicatrice-3-4-oct-2026-geneve-2\/","og_locale":"fr_FR","og_type":"article","og_title":"Formation Shiatsu Chirurgie et Cicatrice, 17-20 f\u00e9vrier 2027 \u00e0 Paris - F\u00e9d\u00e9ration Fran\u00e7aise de Shiatsu Traditionnel","og_description":"Formation en pr\u00e9sentielle \u00e0 Paris 900 \u20ac\u00a0net de TVA payable en 2 fois\u200b Dur\u00e9e 28h (4 jours) \u00a0 En savoir plus Programme de la formation Quand on re\u00e7oit une personne ayant un cancer, on peut se sentir vite d\u00e9munie. Craignant de faire des gestes contre indiqu\u00e9s, on pratique un Shiatsu du bout des doigts, apportant [&hellip;]","og_url":"https:\/\/ffst.fr\/formation-shiatsu-chirurgie-et-cicatrice-3-4-oct-2026-geneve-2\/","og_site_name":"F\u00e9d\u00e9ration Fran\u00e7aise de Shiatsu Traditionnel","article_published_time":"2026-09-01T07:46:08+00:00","article_modified_time":"2026-09-01T07:47:46+00:00","og_image":[{"width":1080,"height":1350,"url":"https:\/\/ffst.fr\/wp-content\/uploads\/2026\/09\/formation-cicatrices.jpg","type":"image\/jpeg"}],"author":"Elisa FOURCASSIES","twitter_card":"summary_large_image","twitter_misc":{"\u00c9crit par":"Elisa FOURCASSIES","Dur\u00e9e de lecture estim\u00e9e":"3 minutes"},"schema":{"@context":"https:\/\/schema.org","@graph":[{"@type":"Article","@id":"https:\/\/ffst.fr\/formation-shiatsu-chirurgie-et-cicatrice-3-4-oct-2026-geneve-2\/#article","isPartOf":{"@id":"https:\/\/ffst.fr\/formation-shiatsu-chirurgie-et-cicatrice-3-4-oct-2026-geneve-2\/"},"author":{"name":"Elisa FOURCASSIES","@id":"https:\/\/ffst.fr\/#\/schema\/person\/d5ceac8a803a0c7956c7c40306cd5d16"},"headline":"Formation Shiatsu Chirurgie et Cicatrice, 17-20 f\u00e9vrier 2027 \u00e0 Paris","datePublished":"2026-09-01T07:46:08+00:00","dateModified":"2026-09-01T07:47:46+00:00","mainEntityOfPage":{"@id":"https:\/\/ffst.fr\/formation-shiatsu-chirurgie-et-cicatrice-3-4-oct-2026-geneve-2\/"},"wordCount":445,"image":{"@id":"https:\/\/ffst.fr\/formation-shiatsu-chirurgie-et-cicatrice-3-4-oct-2026-geneve-2\/#primaryimage"},"thumbnailUrl":"https:\/\/ffst.fr\/wp-content\/uploads\/2026\/09\/formation-cicatrices.jpg","keywords":["Shiatsu humain"],"articleSection":["Stages"],"inLanguage":"fr-FR"},{"@type":"WebPage","@id":"https:\/\/ffst.fr\/formation-shiatsu-chirurgie-et-cicatrice-3-4-oct-2026-geneve-2\/","url":"https:\/\/ffst.fr\/formation-shiatsu-chirurgie-et-cicatrice-3-4-oct-2026-geneve-2\/","name":"Formation Shiatsu Chirurgie et Cicatrice, 17-20 f\u00e9vrier 2027 \u00e0 Paris - F\u00e9d\u00e9ration Fran\u00e7aise de Shiatsu Traditionnel","isPartOf":{"@id":"https:\/\/ffst.fr\/#website"},"primaryImageOfPage":{"@id":"https:\/\/ffst.fr\/formation-shiatsu-chirurgie-et-cicatrice-3-4-oct-2026-geneve-2\/#primaryimage"},"image":{"@id":"https:\/\/ffst.fr\/formation-shiatsu-chirurgie-et-cicatrice-3-4-oct-2026-geneve-2\/#primaryimage"},"thumbnailUrl":"https:\/\/ffst.fr\/wp-content\/uploads\/2026\/09\/formation-cicatrices.jpg","datePublished":"2026-09-01T07:46:08+00:00","dateModified":"2026-09-01T07:47:46+00:00","author":{"@id":"https:\/\/ffst.fr\/#\/schema\/person\/d5ceac8a803a0c7956c7c40306cd5d16"},"breadcrumb":{"@id":"https:\/\/ffst.fr\/formation-shiatsu-chirurgie-et-cicatrice-3-4-oct-2026-geneve-2\/#breadcrumb"},"inLanguage":"fr-FR","potentialAction":[{"@type":"ReadAction","target":["https:\/\/ffst.fr\/formation-shiatsu-chirurgie-et-cicatrice-3-4-oct-2026-geneve-2\/"]}]},{"@type":"ImageObject","inLanguage":"fr-FR","@id":"https:\/\/ffst.fr\/formation-shiatsu-chirurgie-et-cicatrice-3-4-oct-2026-geneve-2\/#primaryimage","url":"https:\/\/ffst.fr\/wp-content\/uploads\/2026\/09\/formation-cicatrices.jpg","contentUrl":"https:\/\/ffst.fr\/wp-content\/uploads\/2026\/09\/formation-cicatrices.jpg","width":1080,"height":1350},{"@type":"BreadcrumbList","@id":"https:\/\/ffst.fr\/formation-shiatsu-chirurgie-et-cicatrice-3-4-oct-2026-geneve-2\/#breadcrumb","itemListElement":[{"@type":"ListItem","position":1,"name":"Accueil","item":"https:\/\/ffst.fr\/"},{"@type":"ListItem","position":2,"name":"Formation Shiatsu Chirurgie et Cicatrice, 17-20 f\u00e9vrier 2027 \u00e0 Paris"}]},{"@type":"WebSite","@id":"https:\/\/ffst.fr\/#website","url":"https:\/\/ffst.fr\/","name":"F\u00e9d\u00e9ration Fran\u00e7aise de Shiatsu Traditionnel","description":"","potentialAction":[{"@type":"SearchAction","target":{"@type":"EntryPoint","urlTemplate":"https:\/\/ffst.fr\/?s={search_term_string}"},"query-input":{"@type":"PropertyValueSpecification","valueRequired":true,"valueName":"search_term_string"}}],"inLanguage":"fr-FR"},{"@type":"Person","@id":"https:\/\/ffst.fr\/#\/schema\/person\/d5ceac8a803a0c7956c7c40306cd5d16","name":"Elisa FOURCASSIES","image":{"@type":"ImageObject","inLanguage":"fr-FR","@id":"https:\/\/secure.gravatar.com\/avatar\/9078bc962ff067f2d156410f2058f821828d682e9553632beead89e3db3535d5?s=96&d=mm&r=g","url":"https:\/\/secure.gravatar.com\/avatar\/9078bc962ff067f2d156410f2058f821828d682e9553632beead89e3db3535d5?s=96&d=mm&r=g","contentUrl":"https:\/\/secure.gravatar.com\/avatar\/9078bc962ff067f2d156410f2058f821828d682e9553632beead89e3db3535d5?s=96&d=mm&r=g","caption":"Elisa FOURCASSIES"}}]}},"_links":{"self":[{"href":"https:\/\/ffst.fr\/index.php?rest_route=\/wp\/v2\/posts\/14946","targetHints":{"allow":["GET"]}}],"collection":[{"href":"https:\/\/ffst.fr\/index.php?rest_route=\/wp\/v2\/posts"}],"about":[{"href":"https:\/\/ffst.fr\/index.php?rest_route=\/wp\/v2\/types\/post"}],"author":[{"embeddable":true,"href":"https:\/\/ffst.fr\/index.php?rest_route=\/wp\/v2\/users\/4"}],"replies":[{"embeddable":true,"href":"https:\/\/ffst.fr\/index.php?rest_route=%2Fwp%2Fv2%2Fcomments&post=14946"}],"version-history":[{"count":0,"href":"https:\/\/ffst.fr\/index.php?rest_route=\/wp\/v2\/posts\/14946\/revisions"}],"wp:attachment":[{"href":"https:\/\/ffst.fr\/index.php?rest_route=%2Fwp%2Fv2%2Fmedia&parent=14946"}],"wp:term":[{"taxonomy":"category","embeddable":true,"href":"https:\/\/ffst.fr\/index.php?rest_route=%2Fwp%2Fv2%2Fcategories&post=14946"},{"taxonomy":"post_tag","embeddable":true,"href":"https:\/\/ffst.fr\/index.php?rest_route=%2Fwp%2Fv2%2Ftags&post=14946"}],"curies":[{"name":"wp","href":"https:\/\/api.w.org\/{rel}","templated":true}]}}