{"id":14888,"date":"2026-08-18T11:03:03","date_gmt":"2026-08-18T09:03:03","guid":{"rendered":"https:\/\/ffst.fr\/?p=14888"},"modified":"2026-08-18T11:07:10","modified_gmt":"2026-08-18T09:07:10","slug":"stage-grands-meridiens-les-6-couches-5-6-decembre-2026-a-paris","status":"publish","type":"post","link":"https:\/\/ffst.fr\/?p=14888","title":{"rendered":"Stage GRANDS m\u00e9ridiens : les 6 couches, 5-6 d\u00e9cembre 2026, \u00e0 Paris"},"content":{"rendered":"\t\t<div data-elementor-type=\"wp-post\" data-elementor-id=\"14888\" class=\"elementor elementor-14888\" data-elementor-post-type=\"post\">\n\t\t\t\t<div class=\"elementor-element elementor-element-4d82f0b3 e-flex e-con-boxed e-con e-parent\" data-id=\"4d82f0b3\" data-element_type=\"container\" data-e-type=\"container\" data-settings=\"{&quot;background_background&quot;:&quot;classic&quot;}\">\n\t\t\t\t\t<div class=\"e-con-inner\">\n\t\t\t\t<div class=\"elementor-element elementor-element-3e40a70e elementor-widget elementor-widget-heading\" data-id=\"3e40a70e\" data-element_type=\"widget\" data-e-type=\"widget\" data-widget_type=\"heading.default\">\n\t\t\t\t<div class=\"elementor-widget-container\">\n\t\t\t\t\t<h1 class=\"elementor-heading-title elementor-size-default\">Stage GRANDS m\u00e9ridiens : les 6 couches, 5-6 d\u00e9cembre 2026, \u00e0 Paris<\/h1>\t\t\t\t<\/div>\n\t\t\t\t<\/div>\n\t\t<div class=\"elementor-element elementor-element-1fcde1db e-flex e-con-boxed e-con e-child\" data-id=\"1fcde1db\" data-element_type=\"container\" data-e-type=\"container\">\n\t\t\t\t\t<div class=\"e-con-inner\">\n\t\t<div class=\"elementor-element elementor-element-55da50b e-flex e-con-boxed e-con e-child\" data-id=\"55da50b\" data-element_type=\"container\" data-e-type=\"container\">\n\t\t\t\t\t<div class=\"e-con-inner\">\n\t\t\t\t<div class=\"elementor-element elementor-element-523b7b46 elementor-widget elementor-widget-text-editor\" data-id=\"523b7b46\" data-element_type=\"widget\" data-e-type=\"widget\" data-widget_type=\"text-editor.default\">\n\t\t\t\t<div class=\"elementor-widget-container\">\n\t\t\t\t\t\t\t\t\t<p align=\"left\"><span style=\"font-family: Calibri, serif;\"><b>Dates et horaires :<\/b><\/span><\/p><p align=\"left\"><span style=\"font-family: Calibri, serif;\">05-06 d\u00e9cembre 2026 \/ 09:30 &#8211; 17:30<\/span><\/p><p align=\"left\"><span style=\"font-family: Calibri, serif;\"><b>Lieu<\/b><\/span><span style=\"font-family: Calibri, serif;\"> : <\/span> <span style=\"font-family: Calibri, serif;\">Espace Saint-Germain de Charonne, 5 rue Saint-Blaise, 75020 Paris<\/span><\/p><p align=\"left\"><span style=\"font-family: Calibri, serif;\"><b>Pr\u00e9-requis<\/b><\/span><span style=\"font-family: Calibri, serif;\"> : Stagiaires de l\u2019Art du Toucher. 2\u00e8me ann\u00e9e de formation Shiatsu ou \u00e9quivalent.<\/span><\/p><p align=\"left\"><span style=\"font-family: Calibri, serif;\"><b>Tarif et financement<\/b><\/span><span style=\"font-family: Calibri, serif;\"> : <\/span><span style=\"font-family: Calibri, serif;\"><b>350 \u20ac <\/b><\/span><span style=\"font-family: Calibri, serif;\">HT <\/span><a name=\"_jygkxcoifntv\"><\/a><\/p><p align=\"left\"><strong>Contact et infos utiles :<\/strong><br \/>\u2022 T\u00e9l\u00e9phone : 06 45 85 63 73<br \/>\u2022 artdutoucher@gmail.com<br \/>\u2022 Site web : https:\/\/artdutoucher.net\/<\/p>\t\t\t\t\t\t\t\t<\/div>\n\t\t\t\t<\/div>\n\t\t\t\t<div class=\"elementor-element elementor-element-4da27a4b elementor-widget elementor-widget-button\" data-id=\"4da27a4b\" data-element_type=\"widget\" data-e-type=\"widget\" data-widget_type=\"button.default\">\n\t\t\t\t<div class=\"elementor-widget-container\">\n\t\t\t\t\t\t\t\t\t<div class=\"elementor-button-wrapper\">\n\t\t\t\t\t<a class=\"elementor-button elementor-button-link elementor-size-sm\" href=\"https:\/\/artdutoucher.net\/6-couches-grands-meridiens\/\" target=\"_blank\">\n\t\t\t\t\t\t<span class=\"elementor-button-content-wrapper\">\n\t\t\t\t\t\t<span class=\"elementor-button-icon\">\n\t\t\t\t<svg aria-hidden=\"true\" class=\"e-font-icon-svg e-fas-external-link-alt\" viewBox=\"0 0 512 512\" xmlns=\"http:\/\/www.w3.org\/2000\/svg\"><path d=\"M432,320H400a16,16,0,0,0-16,16V448H64V128H208a16,16,0,0,0,16-16V80a16,16,0,0,0-16-16H48A48,48,0,0,0,0,112V464a48,48,0,0,0,48,48H400a48,48,0,0,0,48-48V336A16,16,0,0,0,432,320ZM488,0h-128c-21.37,0-32.05,25.91-17,41l35.73,35.73L135,320.37a24,24,0,0,0,0,34L157.67,377a24,24,0,0,0,34,0L435.28,133.32,471,169c15,15,41,4.5,41-17V24A24,24,0,0,0,488,0Z\"><\/path><\/svg>\t\t\t<\/span>\n\t\t\t\t\t\t\t\t\t<span class=\"elementor-button-text\">En savoir plus<\/span>\n\t\t\t\t\t<\/span>\n\t\t\t\t\t<\/a>\n\t\t\t\t<\/div>\n\t\t\t\t\t\t\t\t<\/div>\n\t\t\t\t<\/div>\n\t\t\t\t\t<\/div>\n\t\t\t\t<\/div>\n\t\t<div class=\"elementor-element elementor-element-7d25ca7a e-flex e-con-boxed e-con e-child\" data-id=\"7d25ca7a\" data-element_type=\"container\" data-e-type=\"container\">\n\t\t\t\t\t<div class=\"e-con-inner\">\n\t\t\t\t<div class=\"elementor-element elementor-element-159adb89 elementor-widget elementor-widget-image\" data-id=\"159adb89\" data-element_type=\"widget\" data-e-type=\"widget\" data-widget_type=\"image.default\">\n\t\t\t\t<div class=\"elementor-widget-container\">\n\t\t\t\t\t\t\t\t\t\t\t\t\t\t\t\t<a href=\"https:\/\/ffst.fr\/wp-content\/uploads\/2026\/08\/9-1.png\" data-elementor-open-lightbox=\"yes\" data-e-action-hash=\"#elementor-action%3Aaction%3Dlightbox%26settings%3DeyJpZCI6MTQ4ODksInVybCI6Imh0dHBzOlwvXC9mZnN0LmZyXC93cC1jb250ZW50XC91cGxvYWRzXC8yMDI2XC8wOFwvOS0xLnBuZyJ9\">\n\t\t\t\t\t\t\t<img fetchpriority=\"high\" decoding=\"async\" width=\"1024\" height=\"1024\" src=\"https:\/\/ffst.fr\/wp-content\/uploads\/2026\/08\/9-1.png\" class=\"attachment-full size-full wp-image-14889\" alt=\"\" srcset=\"https:\/\/ffst.fr\/wp-content\/uploads\/2026\/08\/9-1.png 1024w, https:\/\/ffst.fr\/wp-content\/uploads\/2026\/08\/9-1-300x300.png 300w, https:\/\/ffst.fr\/wp-content\/uploads\/2026\/08\/9-1-150x150.png 150w, https:\/\/ffst.fr\/wp-content\/uploads\/2026\/08\/9-1-768x768.png 768w, https:\/\/ffst.fr\/wp-content\/uploads\/2026\/08\/9-1-600x600.png 600w, https:\/\/ffst.fr\/wp-content\/uploads\/2026\/08\/9-1-100x100.png 100w\" sizes=\"(max-width: 1024px) 100vw, 1024px\" \/>\t\t\t\t\t\t\t\t<\/a>\n\t\t\t\t\t\t\t\t\t\t\t\t\t\t\t<\/div>\n\t\t\t\t<\/div>\n\t\t\t\t\t<\/div>\n\t\t\t\t<\/div>\n\t\t\t\t\t<\/div>\n\t\t\t\t<\/div>\n\t\t\t\t<div class=\"elementor-element elementor-element-31b89374 elementor-widget__width-inherit elementor-widget elementor-widget-text-editor\" data-id=\"31b89374\" data-element_type=\"widget\" data-e-type=\"widget\" data-widget_type=\"text-editor.default\">\n\t\t\t\t<div class=\"elementor-widget-container\">\n\t\t\t\t\t\t\t\t\t<p>\u2022<strong> Pr\u00e9sentation de la formation<\/strong><br \/>Cette formation propose d\u2019approfondir la compr\u00e9hension des m\u00e9ridiens \u00e0 travers la th\u00e9orie des 6 Couches (Tai Yang, Shao Yang, Yang Ming, Tai Yin, Shao Yin et Jue Yin), un mod\u00e8le fondamental de la tradition chinoise qui permet de mieux comprendre les diff\u00e9rents niveaux de d\u00e9s\u00e9quilibres \u00e9nerg\u00e9tiques du corps.<br \/>Cette approche apporte une lecture plus pr\u00e9cise des relations entre le Yin, le Yang et les m\u00e9ridiens. Elle aide les praticiens \u00e0 identifier la couche impliqu\u00e9e dans un d\u00e9s\u00e9quilibre afin d\u2019adapter leur strat\u00e9gie de traitement et d\u2019agir de mani\u00e8re plus coh\u00e9rente et cibl\u00e9e.<br \/>Ce stage s\u2019adresse aux praticiens professionnels en Shiatsu souhaitant structurer leur analyse \u00e9nerg\u00e9tique, approfondir leur compr\u00e9hension des cas complexes et int\u00e9grer des outils d\u2019\u00e9valuation ainsi que des techniques directement applicables dans leur pratique, d\u00e9couvrez la formation compl\u00e8te sur notre site.<\/p><p><strong>\u2022 Objectifs p\u00e9dagogiques<\/strong><br \/>R\u00e9aliser une s\u00e9ance compl\u00e8te en d\u00e9cubitus ventral et dorsal (lat\u00e9ral optionnel) d\u20191 heure.<\/p><p>\u2022<strong> Public cible<\/strong><br \/>Cette formation s\u2019adresse aux stagiaires du Cursus Shiatsu Bien-\u00eatre, aux \u00e9l\u00e8ves d\u2019autres \u00e9coles en 2\u1d49 ann\u00e9e ainsi qu\u2019aux praticiens en shiatsu souhaitant approfondir leurs connaissances. Elle s\u2019inscrit dans les cursus Shiatsu FFMBE (250h) et FFST (500h). Les personnes en situation de handicap peuvent nous contacter afin d\u2019\u00e9tudier les adaptations possibles.<\/p><p>\u2022<strong> Formateur(s)<\/strong><br \/>Ivan Bel est enseignant international d\u2019origine fran\u00e7aise, fondateur du Ry\u014dh\u014d Shiatsu et de l\u2019ONG Missions Shiatsu Humanitaire, qui \u0153uvre pour d\u00e9velopper le Shiatsu \u00e0 travers le monde.<\/p>\t\t\t\t\t\t\t\t<\/div>\n\t\t\t\t<\/div>\n\t\t\t\t<div class=\"elementor-element elementor-element-2ba7d981 elementor-widget elementor-widget-image\" data-id=\"2ba7d981\" data-element_type=\"widget\" data-e-type=\"widget\" data-widget_type=\"image.default\">\n\t\t\t\t<div class=\"elementor-widget-container\">\n\t\t\t\t\t\t\t\t\t\t\t\t\t\t\t<img decoding=\"async\" width=\"500\" height=\"500\" src=\"https:\/\/ffst.fr\/wp-content\/uploads\/2024\/01\/federation-francaise-de-shiatsu-traditionnel-logo.png\" class=\"attachment-large size-large wp-image-744\" alt=\"Logo F\u00e9d\u00e9ration Fran\u00e7aise de Shiatsu Traditionnel\" srcset=\"https:\/\/ffst.fr\/wp-content\/uploads\/2024\/01\/federation-francaise-de-shiatsu-traditionnel-logo.png 500w, https:\/\/ffst.fr\/wp-content\/uploads\/2024\/01\/federation-francaise-de-shiatsu-traditionnel-logo-300x300.png 300w, https:\/\/ffst.fr\/wp-content\/uploads\/2024\/01\/federation-francaise-de-shiatsu-traditionnel-logo-150x150.png 150w\" sizes=\"(max-width: 500px) 100vw, 500px\" \/>\t\t\t\t\t\t\t\t\t\t\t\t\t\t\t<\/div>\n\t\t\t\t<\/div>\n\t\t\t\t<div class=\"elementor-element elementor-element-4867da45 elementor-widget elementor-widget-html\" data-id=\"4867da45\" data-element_type=\"widget\" data-e-type=\"widget\" data-widget_type=\"html.default\">\n\t\t\t\t<div class=\"elementor-widget-container\">\n\t\t\t\t\t<button onclick=\"goBack()\">Retour \u00e0 la page pr\u00e9c\u00e9dente<\/button>\r\n\r\n<script>\r\nfunction goBack() {\r\n  window.history.back();\r\n}\r\n<\/script>\t\t\t\t<\/div>\n\t\t\t\t<\/div>\n\t\t\t\t\t<\/div>\n\t\t\t\t<\/div>\n\t\t\t\t<\/div>\n\t\t","protected":false},"excerpt":{"rendered":"<p>Dates et horaires : 05-06 d\u00e9cembre 2026 \/ 09:30 &#8211; 17:30 Lieu : Espace Saint-Germain de Charonne, 5 rue Saint-Blaise, 75020 Paris Pr\u00e9-requis : Stagiaires de l\u2019Art du Toucher. 2\u00e8me ann\u00e9e de formation Shiatsu ou \u00e9quivalent. Tarif et financement : 350 \u20ac HT Contact et infos utiles :\u2022 T\u00e9l\u00e9phone : 06 45 85 63 73\u2022 [&hellip;]<\/p>\n","protected":false},"author":4,"featured_media":14889,"comment_status":"closed","ping_status":"closed","sticky":false,"template":"","format":"standard","meta":{"_acf_changed":false,"inline_featured_image":false,"footnotes":""},"categories":[10],"tags":[69],"class_list":["post-14888","post","type-post","status-publish","format-standard","has-post-thumbnail","hentry","category-stages","tag-shiatsu-humain"],"acf":[],"yoast_head":"<!-- This site is optimized with the Yoast SEO plugin v28.3 - https:\/\/yoast.com\/product\/yoast-seo-wordpress\/ -->\n<title>Stage GRANDS m\u00e9ridiens : les 6 couches, 5-6 d\u00e9cembre 2026, \u00e0 Paris - F\u00e9d\u00e9ration Fran\u00e7aise de Shiatsu Traditionnel<\/title>\n<meta name=\"robots\" content=\"index, follow, max-snippet:-1, max-image-preview:large, max-video-preview:-1\" \/>\n<link rel=\"canonical\" href=\"https:\/\/ffst.fr\/stage-grands-meridiens-les-6-couches-5-6-decembre-2026-a-paris\/\" \/>\n<meta property=\"og:locale\" content=\"fr_FR\" \/>\n<meta property=\"og:type\" content=\"article\" \/>\n<meta property=\"og:title\" content=\"Stage GRANDS m\u00e9ridiens : les 6 couches, 5-6 d\u00e9cembre 2026, \u00e0 Paris - F\u00e9d\u00e9ration Fran\u00e7aise de Shiatsu Traditionnel\" \/>\n<meta property=\"og:description\" content=\"Dates et horaires : 05-06 d\u00e9cembre 2026 \/ 09:30 &#8211; 17:30 Lieu : Espace Saint-Germain de Charonne, 5 rue Saint-Blaise, 75020 Paris Pr\u00e9-requis : Stagiaires de l\u2019Art du Toucher. 2\u00e8me ann\u00e9e de formation Shiatsu ou \u00e9quivalent. Tarif et financement : 350 \u20ac HT Contact et infos utiles :\u2022 T\u00e9l\u00e9phone : 06 45 85 63 73\u2022 [&hellip;]\" \/>\n<meta property=\"og:url\" content=\"https:\/\/ffst.fr\/stage-grands-meridiens-les-6-couches-5-6-decembre-2026-a-paris\/\" \/>\n<meta property=\"og:site_name\" content=\"F\u00e9d\u00e9ration Fran\u00e7aise de Shiatsu Traditionnel\" \/>\n<meta property=\"article:published_time\" content=\"2026-08-18T09:03:03+00:00\" \/>\n<meta property=\"article:modified_time\" content=\"2026-08-18T09:07:10+00:00\" \/>\n<meta property=\"og:image\" content=\"https:\/\/ffst.fr\/wp-content\/uploads\/2026\/08\/9-1.png\" \/>\n\t<meta property=\"og:image:width\" content=\"1024\" \/>\n\t<meta property=\"og:image:height\" content=\"1024\" \/>\n\t<meta property=\"og:image:type\" content=\"image\/png\" \/>\n<meta name=\"author\" content=\"Elisa FOURCASSIES\" \/>\n<meta name=\"twitter:card\" content=\"summary_large_image\" \/>\n<meta name=\"twitter:label1\" content=\"\u00c9crit par\" \/>\n\t<meta name=\"twitter:data1\" content=\"Elisa FOURCASSIES\" \/>\n\t<meta name=\"twitter:label2\" content=\"Dur\u00e9e de lecture estim\u00e9e\" \/>\n\t<meta name=\"twitter:data2\" content=\"2 minutes\" \/>\n<script type=\"application\/ld+json\" class=\"yoast-schema-graph\">{\"@context\":\"https:\\\/\\\/schema.org\",\"@graph\":[{\"@type\":\"Article\",\"@id\":\"https:\\\/\\\/ffst.fr\\\/stage-grands-meridiens-les-6-couches-5-6-decembre-2026-a-paris\\\/#article\",\"isPartOf\":{\"@id\":\"https:\\\/\\\/ffst.fr\\\/stage-grands-meridiens-les-6-couches-5-6-decembre-2026-a-paris\\\/\"},\"author\":{\"name\":\"Elisa FOURCASSIES\",\"@id\":\"https:\\\/\\\/ffst.fr\\\/#\\\/schema\\\/person\\\/d5ceac8a803a0c7956c7c40306cd5d16\"},\"headline\":\"Stage GRANDS m\u00e9ridiens : les 6 couches, 5-6 d\u00e9cembre 2026, \u00e0 Paris\",\"datePublished\":\"2026-08-18T09:03:03+00:00\",\"dateModified\":\"2026-08-18T09:07:10+00:00\",\"mainEntityOfPage\":{\"@id\":\"https:\\\/\\\/ffst.fr\\\/stage-grands-meridiens-les-6-couches-5-6-decembre-2026-a-paris\\\/\"},\"wordCount\":342,\"image\":{\"@id\":\"https:\\\/\\\/ffst.fr\\\/stage-grands-meridiens-les-6-couches-5-6-decembre-2026-a-paris\\\/#primaryimage\"},\"thumbnailUrl\":\"https:\\\/\\\/ffst.fr\\\/wp-content\\\/uploads\\\/2026\\\/08\\\/9-1.png\",\"keywords\":[\"Shiatsu humain\"],\"articleSection\":[\"Stages\"],\"inLanguage\":\"fr-FR\"},{\"@type\":\"WebPage\",\"@id\":\"https:\\\/\\\/ffst.fr\\\/stage-grands-meridiens-les-6-couches-5-6-decembre-2026-a-paris\\\/\",\"url\":\"https:\\\/\\\/ffst.fr\\\/stage-grands-meridiens-les-6-couches-5-6-decembre-2026-a-paris\\\/\",\"name\":\"Stage GRANDS m\u00e9ridiens : les 6 couches, 5-6 d\u00e9cembre 2026, \u00e0 Paris - F\u00e9d\u00e9ration Fran\u00e7aise de Shiatsu Traditionnel\",\"isPartOf\":{\"@id\":\"https:\\\/\\\/ffst.fr\\\/#website\"},\"primaryImageOfPage\":{\"@id\":\"https:\\\/\\\/ffst.fr\\\/stage-grands-meridiens-les-6-couches-5-6-decembre-2026-a-paris\\\/#primaryimage\"},\"image\":{\"@id\":\"https:\\\/\\\/ffst.fr\\\/stage-grands-meridiens-les-6-couches-5-6-decembre-2026-a-paris\\\/#primaryimage\"},\"thumbnailUrl\":\"https:\\\/\\\/ffst.fr\\\/wp-content\\\/uploads\\\/2026\\\/08\\\/9-1.png\",\"datePublished\":\"2026-08-18T09:03:03+00:00\",\"dateModified\":\"2026-08-18T09:07:10+00:00\",\"author\":{\"@id\":\"https:\\\/\\\/ffst.fr\\\/#\\\/schema\\\/person\\\/d5ceac8a803a0c7956c7c40306cd5d16\"},\"breadcrumb\":{\"@id\":\"https:\\\/\\\/ffst.fr\\\/stage-grands-meridiens-les-6-couches-5-6-decembre-2026-a-paris\\\/#breadcrumb\"},\"inLanguage\":\"fr-FR\",\"potentialAction\":[{\"@type\":\"ReadAction\",\"target\":[\"https:\\\/\\\/ffst.fr\\\/stage-grands-meridiens-les-6-couches-5-6-decembre-2026-a-paris\\\/\"]}]},{\"@type\":\"ImageObject\",\"inLanguage\":\"fr-FR\",\"@id\":\"https:\\\/\\\/ffst.fr\\\/stage-grands-meridiens-les-6-couches-5-6-decembre-2026-a-paris\\\/#primaryimage\",\"url\":\"https:\\\/\\\/ffst.fr\\\/wp-content\\\/uploads\\\/2026\\\/08\\\/9-1.png\",\"contentUrl\":\"https:\\\/\\\/ffst.fr\\\/wp-content\\\/uploads\\\/2026\\\/08\\\/9-1.png\",\"width\":1024,\"height\":1024},{\"@type\":\"BreadcrumbList\",\"@id\":\"https:\\\/\\\/ffst.fr\\\/stage-grands-meridiens-les-6-couches-5-6-decembre-2026-a-paris\\\/#breadcrumb\",\"itemListElement\":[{\"@type\":\"ListItem\",\"position\":1,\"name\":\"Accueil\",\"item\":\"https:\\\/\\\/ffst.fr\\\/\"},{\"@type\":\"ListItem\",\"position\":2,\"name\":\"Stage GRANDS m\u00e9ridiens : les 6 couches, 5-6 d\u00e9cembre 2026, \u00e0 Paris\"}]},{\"@type\":\"WebSite\",\"@id\":\"https:\\\/\\\/ffst.fr\\\/#website\",\"url\":\"https:\\\/\\\/ffst.fr\\\/\",\"name\":\"F\u00e9d\u00e9ration Fran\u00e7aise de Shiatsu Traditionnel\",\"description\":\"\",\"potentialAction\":[{\"@type\":\"SearchAction\",\"target\":{\"@type\":\"EntryPoint\",\"urlTemplate\":\"https:\\\/\\\/ffst.fr\\\/?s={search_term_string}\"},\"query-input\":{\"@type\":\"PropertyValueSpecification\",\"valueRequired\":true,\"valueName\":\"search_term_string\"}}],\"inLanguage\":\"fr-FR\"},{\"@type\":\"Person\",\"@id\":\"https:\\\/\\\/ffst.fr\\\/#\\\/schema\\\/person\\\/d5ceac8a803a0c7956c7c40306cd5d16\",\"name\":\"Elisa FOURCASSIES\",\"image\":{\"@type\":\"ImageObject\",\"inLanguage\":\"fr-FR\",\"@id\":\"https:\\\/\\\/secure.gravatar.com\\\/avatar\\\/9078bc962ff067f2d156410f2058f821828d682e9553632beead89e3db3535d5?s=96&d=mm&r=g\",\"url\":\"https:\\\/\\\/secure.gravatar.com\\\/avatar\\\/9078bc962ff067f2d156410f2058f821828d682e9553632beead89e3db3535d5?s=96&d=mm&r=g\",\"contentUrl\":\"https:\\\/\\\/secure.gravatar.com\\\/avatar\\\/9078bc962ff067f2d156410f2058f821828d682e9553632beead89e3db3535d5?s=96&d=mm&r=g\",\"caption\":\"Elisa FOURCASSIES\"}}]}<\/script>\n<!-- \/ Yoast SEO plugin. -->","yoast_head_json":{"title":"Stage GRANDS m\u00e9ridiens : les 6 couches, 5-6 d\u00e9cembre 2026, \u00e0 Paris - F\u00e9d\u00e9ration Fran\u00e7aise de Shiatsu Traditionnel","robots":{"index":"index","follow":"follow","max-snippet":"max-snippet:-1","max-image-preview":"max-image-preview:large","max-video-preview":"max-video-preview:-1"},"canonical":"https:\/\/ffst.fr\/stage-grands-meridiens-les-6-couches-5-6-decembre-2026-a-paris\/","og_locale":"fr_FR","og_type":"article","og_title":"Stage GRANDS m\u00e9ridiens : les 6 couches, 5-6 d\u00e9cembre 2026, \u00e0 Paris - F\u00e9d\u00e9ration Fran\u00e7aise de Shiatsu Traditionnel","og_description":"Dates et horaires : 05-06 d\u00e9cembre 2026 \/ 09:30 &#8211; 17:30 Lieu : Espace Saint-Germain de Charonne, 5 rue Saint-Blaise, 75020 Paris Pr\u00e9-requis : Stagiaires de l\u2019Art du Toucher. 2\u00e8me ann\u00e9e de formation Shiatsu ou \u00e9quivalent. Tarif et financement : 350 \u20ac HT Contact et infos utiles :\u2022 T\u00e9l\u00e9phone : 06 45 85 63 73\u2022 [&hellip;]","og_url":"https:\/\/ffst.fr\/stage-grands-meridiens-les-6-couches-5-6-decembre-2026-a-paris\/","og_site_name":"F\u00e9d\u00e9ration Fran\u00e7aise de Shiatsu Traditionnel","article_published_time":"2026-08-18T09:03:03+00:00","article_modified_time":"2026-08-18T09:07:10+00:00","og_image":[{"width":1024,"height":1024,"url":"https:\/\/ffst.fr\/wp-content\/uploads\/2026\/08\/9-1.png","type":"image\/png"}],"author":"Elisa FOURCASSIES","twitter_card":"summary_large_image","twitter_misc":{"\u00c9crit par":"Elisa FOURCASSIES","Dur\u00e9e de lecture estim\u00e9e":"2 minutes"},"schema":{"@context":"https:\/\/schema.org","@graph":[{"@type":"Article","@id":"https:\/\/ffst.fr\/stage-grands-meridiens-les-6-couches-5-6-decembre-2026-a-paris\/#article","isPartOf":{"@id":"https:\/\/ffst.fr\/stage-grands-meridiens-les-6-couches-5-6-decembre-2026-a-paris\/"},"author":{"name":"Elisa FOURCASSIES","@id":"https:\/\/ffst.fr\/#\/schema\/person\/d5ceac8a803a0c7956c7c40306cd5d16"},"headline":"Stage GRANDS m\u00e9ridiens : les 6 couches, 5-6 d\u00e9cembre 2026, \u00e0 Paris","datePublished":"2026-08-18T09:03:03+00:00","dateModified":"2026-08-18T09:07:10+00:00","mainEntityOfPage":{"@id":"https:\/\/ffst.fr\/stage-grands-meridiens-les-6-couches-5-6-decembre-2026-a-paris\/"},"wordCount":342,"image":{"@id":"https:\/\/ffst.fr\/stage-grands-meridiens-les-6-couches-5-6-decembre-2026-a-paris\/#primaryimage"},"thumbnailUrl":"https:\/\/ffst.fr\/wp-content\/uploads\/2026\/08\/9-1.png","keywords":["Shiatsu humain"],"articleSection":["Stages"],"inLanguage":"fr-FR"},{"@type":"WebPage","@id":"https:\/\/ffst.fr\/stage-grands-meridiens-les-6-couches-5-6-decembre-2026-a-paris\/","url":"https:\/\/ffst.fr\/stage-grands-meridiens-les-6-couches-5-6-decembre-2026-a-paris\/","name":"Stage GRANDS m\u00e9ridiens : les 6 couches, 5-6 d\u00e9cembre 2026, \u00e0 Paris - F\u00e9d\u00e9ration Fran\u00e7aise de Shiatsu Traditionnel","isPartOf":{"@id":"https:\/\/ffst.fr\/#website"},"primaryImageOfPage":{"@id":"https:\/\/ffst.fr\/stage-grands-meridiens-les-6-couches-5-6-decembre-2026-a-paris\/#primaryimage"},"image":{"@id":"https:\/\/ffst.fr\/stage-grands-meridiens-les-6-couches-5-6-decembre-2026-a-paris\/#primaryimage"},"thumbnailUrl":"https:\/\/ffst.fr\/wp-content\/uploads\/2026\/08\/9-1.png","datePublished":"2026-08-18T09:03:03+00:00","dateModified":"2026-08-18T09:07:10+00:00","author":{"@id":"https:\/\/ffst.fr\/#\/schema\/person\/d5ceac8a803a0c7956c7c40306cd5d16"},"breadcrumb":{"@id":"https:\/\/ffst.fr\/stage-grands-meridiens-les-6-couches-5-6-decembre-2026-a-paris\/#breadcrumb"},"inLanguage":"fr-FR","potentialAction":[{"@type":"ReadAction","target":["https:\/\/ffst.fr\/stage-grands-meridiens-les-6-couches-5-6-decembre-2026-a-paris\/"]}]},{"@type":"ImageObject","inLanguage":"fr-FR","@id":"https:\/\/ffst.fr\/stage-grands-meridiens-les-6-couches-5-6-decembre-2026-a-paris\/#primaryimage","url":"https:\/\/ffst.fr\/wp-content\/uploads\/2026\/08\/9-1.png","contentUrl":"https:\/\/ffst.fr\/wp-content\/uploads\/2026\/08\/9-1.png","width":1024,"height":1024},{"@type":"BreadcrumbList","@id":"https:\/\/ffst.fr\/stage-grands-meridiens-les-6-couches-5-6-decembre-2026-a-paris\/#breadcrumb","itemListElement":[{"@type":"ListItem","position":1,"name":"Accueil","item":"https:\/\/ffst.fr\/"},{"@type":"ListItem","position":2,"name":"Stage GRANDS m\u00e9ridiens : les 6 couches, 5-6 d\u00e9cembre 2026, \u00e0 Paris"}]},{"@type":"WebSite","@id":"https:\/\/ffst.fr\/#website","url":"https:\/\/ffst.fr\/","name":"F\u00e9d\u00e9ration Fran\u00e7aise de Shiatsu Traditionnel","description":"","potentialAction":[{"@type":"SearchAction","target":{"@type":"EntryPoint","urlTemplate":"https:\/\/ffst.fr\/?s={search_term_string}"},"query-input":{"@type":"PropertyValueSpecification","valueRequired":true,"valueName":"search_term_string"}}],"inLanguage":"fr-FR"},{"@type":"Person","@id":"https:\/\/ffst.fr\/#\/schema\/person\/d5ceac8a803a0c7956c7c40306cd5d16","name":"Elisa FOURCASSIES","image":{"@type":"ImageObject","inLanguage":"fr-FR","@id":"https:\/\/secure.gravatar.com\/avatar\/9078bc962ff067f2d156410f2058f821828d682e9553632beead89e3db3535d5?s=96&d=mm&r=g","url":"https:\/\/secure.gravatar.com\/avatar\/9078bc962ff067f2d156410f2058f821828d682e9553632beead89e3db3535d5?s=96&d=mm&r=g","contentUrl":"https:\/\/secure.gravatar.com\/avatar\/9078bc962ff067f2d156410f2058f821828d682e9553632beead89e3db3535d5?s=96&d=mm&r=g","caption":"Elisa FOURCASSIES"}}]}},"_links":{"self":[{"href":"https:\/\/ffst.fr\/index.php?rest_route=\/wp\/v2\/posts\/14888","targetHints":{"allow":["GET"]}}],"collection":[{"href":"https:\/\/ffst.fr\/index.php?rest_route=\/wp\/v2\/posts"}],"about":[{"href":"https:\/\/ffst.fr\/index.php?rest_route=\/wp\/v2\/types\/post"}],"author":[{"embeddable":true,"href":"https:\/\/ffst.fr\/index.php?rest_route=\/wp\/v2\/users\/4"}],"replies":[{"embeddable":true,"href":"https:\/\/ffst.fr\/index.php?rest_route=%2Fwp%2Fv2%2Fcomments&post=14888"}],"version-history":[{"count":0,"href":"https:\/\/ffst.fr\/index.php?rest_route=\/wp\/v2\/posts\/14888\/revisions"}],"wp:featuredmedia":[{"embeddable":true,"href":"https:\/\/ffst.fr\/index.php?rest_route=\/wp\/v2\/media\/14889"}],"wp:attachment":[{"href":"https:\/\/ffst.fr\/index.php?rest_route=%2Fwp%2Fv2%2Fmedia&parent=14888"}],"wp:term":[{"taxonomy":"category","embeddable":true,"href":"https:\/\/ffst.fr\/index.php?rest_route=%2Fwp%2Fv2%2Fcategories&post=14888"},{"taxonomy":"post_tag","embeddable":true,"href":"https:\/\/ffst.fr\/index.php?rest_route=%2Fwp%2Fv2%2Ftags&post=14888"}],"curies":[{"name":"wp","href":"https:\/\/api.w.org\/{rel}","templated":true}]}}