{"id":14861,"date":"2026-08-18T10:31:51","date_gmt":"2026-08-18T08:31:51","guid":{"rendered":"https:\/\/ffst.fr\/?p=14861"},"modified":"2026-08-18T10:37:38","modified_gmt":"2026-08-18T08:37:38","slug":"cursus-shiatsu-16-18-oct-20-22-nov-2026-a-paris","status":"publish","type":"post","link":"https:\/\/ffst.fr\/?p=14861","title":{"rendered":"Cursus Shiatsu, 16-18 oct &amp; 20-22 nov 2026, \u00e0 Paris"},"content":{"rendered":"\t\t<div data-elementor-type=\"wp-post\" data-elementor-id=\"14861\" class=\"elementor elementor-14861\" data-elementor-post-type=\"post\">\n\t\t\t\t<div class=\"elementor-element elementor-element-73427ef0 e-flex e-con-boxed e-con e-parent\" data-id=\"73427ef0\" data-element_type=\"container\" data-e-type=\"container\" data-settings=\"{&quot;background_background&quot;:&quot;classic&quot;}\">\n\t\t\t\t\t<div class=\"e-con-inner\">\n\t\t\t\t<div class=\"elementor-element elementor-element-7b6ef527 elementor-widget elementor-widget-heading\" data-id=\"7b6ef527\" data-element_type=\"widget\" data-e-type=\"widget\" data-widget_type=\"heading.default\">\n\t\t\t\t<div class=\"elementor-widget-container\">\n\t\t\t\t\t<h1 class=\"elementor-heading-title elementor-size-default\">Cursus Shiatsu, 16-18 oct &amp; 20-22 nov 2026, \u00e0 Paris<\/h1>\t\t\t\t<\/div>\n\t\t\t\t<\/div>\n\t\t<div class=\"elementor-element elementor-element-54b63d01 e-flex e-con-boxed e-con e-child\" data-id=\"54b63d01\" data-element_type=\"container\" data-e-type=\"container\">\n\t\t\t\t\t<div class=\"e-con-inner\">\n\t\t<div class=\"elementor-element elementor-element-112954cf e-flex e-con-boxed e-con e-child\" data-id=\"112954cf\" data-element_type=\"container\" data-e-type=\"container\">\n\t\t\t\t\t<div class=\"e-con-inner\">\n\t\t\t\t<div class=\"elementor-element elementor-element-326bbbde elementor-widget elementor-widget-text-editor\" data-id=\"326bbbde\" data-element_type=\"widget\" data-e-type=\"widget\" data-widget_type=\"text-editor.default\">\n\t\t\t\t<div class=\"elementor-widget-container\">\n\t\t\t\t\t\t\t\t\t<p align=\"left\"><span style=\"font-family: Calibri, serif;\"><b>Dates : <\/b><\/span><\/p><p align=\"justify\"><span style=\"font-family: Calibri, serif;\">16-18 octobre 2026 (Module 1) <\/span><\/p><p align=\"justify\"><span style=\"font-family: Calibri, serif;\">20-22 novembre 2026 (Module 2)<\/span><\/p><p align=\"justify\"><span style=\"text-align: start; font-family: Calibri, serif;\"><b>Lieu : <\/b><\/span><span style=\"text-align: start; font-family: Calibri, serif;\">Espace Saint-Germain de Charonne, 5 rue Saint-Blaise, 75020 Paris<\/span><\/p><p align=\"left\"><span style=\"font-family: Calibri, serif;\"><b>Pr\u00e9-requis :<\/b><\/span><span style=\"font-family: Calibri, serif;\"> Sans pr\u00e9-requis dans le toucher<\/span><\/p><p align=\"left\"><span style=\"font-family: Calibri, serif;\"><b>Tarif et financement : <\/b><\/span><span style=\"font-family: Calibri, serif;\">\u00e0 partir de 480\u20ac HT<\/span><\/p><p align=\"left\"><span style=\"font-family: Calibri, serif;\"><b>Contact et infos utiles<\/b><\/span><\/p><ul><li><p align=\"left\"><span style=\"font-family: Calibri, serif;\">T\u00e9l\u00e9phone : 06 45 85 63 73<\/span><\/p><\/li><li><p align=\"left\"><a href=\"mailto:artdutoucher@gmail.com\"><span style=\"color: #0563c1;\"><span style=\"font-family: Calibri, serif;\"><u>artdutoucher@gmail.com<\/u><\/span><\/span><\/a><\/p><\/li><li><p align=\"left\"><span style=\"font-family: Calibri, serif;\">Site web : <\/span><a href=\"https:\/\/artdutoucher.net\/\"><span style=\"color: #0563c1;\"><span style=\"font-family: Calibri, serif;\"><u>https:\/\/artdutoucher.net\/<\/u><\/span><\/span><\/a><\/p><\/li><\/ul>\t\t\t\t\t\t\t\t<\/div>\n\t\t\t\t<\/div>\n\t\t\t\t<div class=\"elementor-element elementor-element-35433b elementor-widget elementor-widget-button\" data-id=\"35433b\" data-element_type=\"widget\" data-e-type=\"widget\" data-widget_type=\"button.default\">\n\t\t\t\t<div class=\"elementor-widget-container\">\n\t\t\t\t\t\t\t\t\t<div class=\"elementor-button-wrapper\">\n\t\t\t\t\t<a class=\"elementor-button elementor-button-link elementor-size-sm\" href=\"https:\/\/artdutoucher.net\/sensitive-shiatsu-face-et-dos-niveau-1\/\" target=\"_blank\">\n\t\t\t\t\t\t<span class=\"elementor-button-content-wrapper\">\n\t\t\t\t\t\t<span class=\"elementor-button-icon\">\n\t\t\t\t<svg aria-hidden=\"true\" class=\"e-font-icon-svg e-fas-external-link-alt\" viewBox=\"0 0 512 512\" xmlns=\"http:\/\/www.w3.org\/2000\/svg\"><path d=\"M432,320H400a16,16,0,0,0-16,16V448H64V128H208a16,16,0,0,0,16-16V80a16,16,0,0,0-16-16H48A48,48,0,0,0,0,112V464a48,48,0,0,0,48,48H400a48,48,0,0,0,48-48V336A16,16,0,0,0,432,320ZM488,0h-128c-21.37,0-32.05,25.91-17,41l35.73,35.73L135,320.37a24,24,0,0,0,0,34L157.67,377a24,24,0,0,0,34,0L435.28,133.32,471,169c15,15,41,4.5,41-17V24A24,24,0,0,0,488,0Z\"><\/path><\/svg>\t\t\t<\/span>\n\t\t\t\t\t\t\t\t\t<span class=\"elementor-button-text\">En savoir plus<\/span>\n\t\t\t\t\t<\/span>\n\t\t\t\t\t<\/a>\n\t\t\t\t<\/div>\n\t\t\t\t\t\t\t\t<\/div>\n\t\t\t\t<\/div>\n\t\t\t\t\t<\/div>\n\t\t\t\t<\/div>\n\t\t<div class=\"elementor-element elementor-element-7ad874a6 e-flex e-con-boxed e-con e-child\" data-id=\"7ad874a6\" data-element_type=\"container\" data-e-type=\"container\">\n\t\t\t\t\t<div class=\"e-con-inner\">\n\t\t\t\t<div class=\"elementor-element elementor-element-77c8cfa3 elementor-widget elementor-widget-image\" data-id=\"77c8cfa3\" data-element_type=\"widget\" data-e-type=\"widget\" data-widget_type=\"image.default\">\n\t\t\t\t<div class=\"elementor-widget-container\">\n\t\t\t\t\t\t\t\t\t\t\t\t\t\t\t\t<a href=\"https:\/\/ffst.fr\/wp-content\/uploads\/2026\/08\/5.png\" data-elementor-open-lightbox=\"yes\" data-e-action-hash=\"#elementor-action%3Aaction%3Dlightbox%26settings%3DeyJpZCI6MTQ4NjksInVybCI6Imh0dHBzOlwvXC9mZnN0LmZyXC93cC1jb250ZW50XC91cGxvYWRzXC8yMDI2XC8wOFwvNS5wbmcifQ%3D%3D\">\n\t\t\t\t\t\t\t<img fetchpriority=\"high\" decoding=\"async\" width=\"1024\" height=\"1024\" src=\"https:\/\/ffst.fr\/wp-content\/uploads\/2026\/08\/5.png\" class=\"attachment-full size-full wp-image-14869\" alt=\"\" srcset=\"https:\/\/ffst.fr\/wp-content\/uploads\/2026\/08\/5.png 1024w, https:\/\/ffst.fr\/wp-content\/uploads\/2026\/08\/5-300x300.png 300w, https:\/\/ffst.fr\/wp-content\/uploads\/2026\/08\/5-150x150.png 150w, https:\/\/ffst.fr\/wp-content\/uploads\/2026\/08\/5-768x768.png 768w, https:\/\/ffst.fr\/wp-content\/uploads\/2026\/08\/5-600x600.png 600w, https:\/\/ffst.fr\/wp-content\/uploads\/2026\/08\/5-100x100.png 100w\" sizes=\"(max-width: 1024px) 100vw, 1024px\" \/>\t\t\t\t\t\t\t\t<\/a>\n\t\t\t\t\t\t\t\t\t\t\t\t\t\t\t<\/div>\n\t\t\t\t<\/div>\n\t\t\t\t\t<\/div>\n\t\t\t\t<\/div>\n\t\t\t\t\t<\/div>\n\t\t\t\t<\/div>\n\t\t\t\t<div class=\"elementor-element elementor-element-90755a elementor-widget__width-inherit elementor-widget elementor-widget-text-editor\" data-id=\"90755a\" data-element_type=\"widget\" data-e-type=\"widget\" data-widget_type=\"text-editor.default\">\n\t\t\t\t<div class=\"elementor-widget-container\">\n\t\t\t\t\t\t\t\t\t<ul><li><p align=\"left\"><span style=\"font-family: Calibri, serif;\"><b>Pr\u00e9sentation de la formation<\/b><\/span><\/p><\/li><\/ul><p align=\"justify\"><span style=\"color: #1d1d1b;\"><span style=\"font-family: Calibri, serif;\">Le protocole de <\/span><\/span><span style=\"color: #1d1d1b;\"><span style=\"font-family: Calibri, serif;\"><b>niveau 1 <\/b><\/span><\/span><span style=\"color: #1d1d1b;\"><span style=\"font-family: Calibri, serif;\">du<\/span><\/span><span style=\"color: #1d1d1b;\"><span style=\"font-family: Calibri, serif;\"><b> cursus shiatsu bien-\u00eatre<\/b><\/span><\/span><span style=\"color: #1d1d1b;\"><span style=\"font-family: Calibri, serif;\">.<\/span><\/span><\/p><p align=\"justify\"><span style=\"color: #1d1d1b;\"><span style=\"font-family: Calibri, serif;\">C\u2019est<\/span><\/span><span style=\"color: #1d1d1b;\"><span style=\"font-family: Calibri, serif;\"><b> l\u2019incontournable <\/b><\/span><\/span><span style=\"color: #1d1d1b;\"><span style=\"font-family: Calibri, serif;\">de nos modules de shiatsu, car vous y d\u00e9couvrez les m\u00e9ridiens et les principaux points d\u2019acupuncture. Vous apprendrez comment donner une s\u00e9ance compl\u00e8te de la face et du dos, tout en r\u00e9veillant votre propre vitalit\u00e9.<\/span><\/span><\/p><p align=\"justify\"><span style=\"color: #1d1d1b;\"><span style=\"font-family: Calibri, serif;\">Cette formation s&#8217;adresse aux <\/span><\/span><span style=\"color: #1d1d1b;\"><span style=\"font-family: Calibri, serif;\"><b>praticiens install\u00e9s<\/b><\/span><\/span><span style=\"color: #1d1d1b;\"><span style=\"font-family: Calibri, serif;\"> souhaitant enrichir leurs techniques, ainsi qu&#8217;aux <\/span><\/span><span style=\"color: #1d1d1b;\"><span style=\"font-family: Calibri, serif;\"><b>professionnels en reconversion<\/b><\/span><\/span><span style=\"color: #1d1d1b;\"><span style=\"font-family: Calibri, serif;\"> d\u00e9sireux d&#8217;explorer le Shiatsu. <\/span><\/span><\/p><p align=\"justify\"><span style=\"color: #1d1d1b;\"><span style=\"font-family: Calibri, serif;\">Aucun pr\u00e9-requis n&#8217;est n\u00e9cessaire, rendant le programme accessible \u00e0 un large public int\u00e9ress\u00e9 par le bien-\u00eatre et les pratiques alternatives. Les participants b\u00e9n\u00e9ficieront d&#8217;un suivi personnalis\u00e9, les aidant \u00e0 int\u00e9grer les techniques dans leur propre pratique.<\/span><\/span><\/p><p align=\"justify\"><span style=\"color: #1d1d1b;\"><span style=\"font-family: Calibri, serif;\">Pour en conna\u00eetre le <\/span><\/span><span style=\"color: #1d1d1b;\"><span style=\"font-family: Calibri, serif;\"><b>programme d\u00e9taill\u00e9<\/b><\/span><\/span><span style=\"color: #1d1d1b;\"><span style=\"font-family: Calibri, serif;\"> et vous inscrire, nous vous invitons \u00e0 d\u00e9couvrir la formation compl\u00e8te sur notre site <\/span><\/span><a href=\"https:\/\/artdutoucher.net\/sensitive-shiatsu-face-et-dos-niveau-1\/\"><span style=\"color: #1155cc;\"><span style=\"font-family: Calibri, serif;\"><u>en cliquant ici<\/u><\/span><\/span><\/a><span style=\"color: #1d1d1b;\"><span style=\"font-family: Calibri, serif;\">. Ne manquez pas cette occasion d&#8217;approfondir vos comp\u00e9tences et <\/span><\/span><span style=\"color: #1d1d1b;\"><span style=\"font-family: Calibri, serif;\"><b>votre approche du bien-\u00eatre<\/b><\/span><\/span><span style=\"color: #1d1d1b;\"><span style=\"font-family: Calibri, serif;\"> !<\/span><\/span><\/p><ul><li><p align=\"left\"><span style=\"font-family: Calibri, serif;\"><b>Objectifs p\u00e9dagogiques<\/b><\/span><\/p><\/li><\/ul><p align=\"left\"><span style=\"font-family: Calibri, serif;\">R\u00e9aliser une s\u00e9ance compl\u00e8te d\u20191 heure de Shiatsu de la face et du dos<\/span><\/p><ul><li><p align=\"left\"><span style=\"font-family: Calibri, serif;\"><b>Public cible<\/b><\/span><\/p><\/li><\/ul><p align=\"left\"><span style=\"font-family: Calibri, serif;\">Toute personne souhaitant s\u2019orienter dans les m\u00e9tiers du Bien-\u00eatre<\/span><\/p><ul><li><p align=\"left\"><span style=\"font-family: Calibri, serif;\"><b>A propos de l\u2019Art du Toucher\u00a0<\/b><\/span><\/p><\/li><\/ul><p align=\"left\"><span style=\"font-family: Calibri, serif;\">L\u2019Art du Toucher est un centre de formation d\u00e9di\u00e9 aux m\u00e9tiers du bien-\u00eatre, sp\u00e9cialis\u00e9 dans le Shiatsu, les massages du monde et les approches \u00e9nerg\u00e9tiques.\u00a0<\/span><\/p><p align=\"left\"><span style=\"font-family: Calibri, serif;\">Fond\u00e9 par Barbara Aubry, praticienne et enseignante avec plus de 20 ans d\u2019exp\u00e9rience, le centre s\u2019engage \u00e0 transmettre des savoirs riches et authentiques, dans une d\u00e9marche de bienveillance, d\u2019\u00e9coute, et de d\u00e9veloppement personnel.<\/span><\/p><p align=\"left\"><span style=\"font-family: Calibri, serif;\">Nous proposons des formations certifiantes et accessibles \u00e0 tous, que vous soyez professionnel souhaitant perfectionner vos comp\u00e9tences ou en pleine reconversion dans le domaine du bien-\u00eatre.<\/span><\/p><ul><li><p align=\"left\"><span style=\"font-family: Calibri, serif;\"><b>Formateur<\/b><\/span><\/p><\/li><\/ul><p align=\"left\"><span style=\"color: #0563c1;\"><span style=\"font-family: Calibri, serif;\"><u><b><a href=\"https:\/\/artdutoucher.net\/equipe-de-formation\/#Daniele\">Daniele Premoli<\/a><a href=\"https:\/\/artdutoucher.net\/equipe-de-formation\/\">, <\/a><\/b><\/u><\/span><\/span><span style=\"font-family: Calibri, serif;\">\u00a0praticien de Shiatsu certifi\u00e9 par la FISieo R.O.S (F\u00e9d\u00e9ration Italienne de Shiatsu) et par la FFST (F\u00e9d\u00e9ration Fran\u00e7aise de Shiatsu Traditionnel).<\/span><\/p>\t\t\t\t\t\t\t\t<\/div>\n\t\t\t\t<\/div>\n\t\t\t\t<div class=\"elementor-element elementor-element-76aaa175 elementor-widget elementor-widget-image\" data-id=\"76aaa175\" data-element_type=\"widget\" data-e-type=\"widget\" data-widget_type=\"image.default\">\n\t\t\t\t<div class=\"elementor-widget-container\">\n\t\t\t\t\t\t\t\t\t\t\t\t\t\t\t<img decoding=\"async\" width=\"500\" height=\"500\" src=\"https:\/\/ffst.fr\/wp-content\/uploads\/2024\/01\/federation-francaise-de-shiatsu-traditionnel-logo.png\" class=\"attachment-large size-large wp-image-744\" alt=\"Logo F\u00e9d\u00e9ration Fran\u00e7aise de Shiatsu Traditionnel\" srcset=\"https:\/\/ffst.fr\/wp-content\/uploads\/2024\/01\/federation-francaise-de-shiatsu-traditionnel-logo.png 500w, https:\/\/ffst.fr\/wp-content\/uploads\/2024\/01\/federation-francaise-de-shiatsu-traditionnel-logo-300x300.png 300w, https:\/\/ffst.fr\/wp-content\/uploads\/2024\/01\/federation-francaise-de-shiatsu-traditionnel-logo-150x150.png 150w\" sizes=\"(max-width: 500px) 100vw, 500px\" \/>\t\t\t\t\t\t\t\t\t\t\t\t\t\t\t<\/div>\n\t\t\t\t<\/div>\n\t\t\t\t<div class=\"elementor-element elementor-element-75e84495 elementor-widget elementor-widget-html\" data-id=\"75e84495\" data-element_type=\"widget\" data-e-type=\"widget\" data-widget_type=\"html.default\">\n\t\t\t\t<div class=\"elementor-widget-container\">\n\t\t\t\t\t<button onclick=\"goBack()\">Retour \u00e0 la page pr\u00e9c\u00e9dente<\/button>\r\n\r\n<script>\r\nfunction goBack() {\r\n  window.history.back();\r\n}\r\n<\/script>\t\t\t\t<\/div>\n\t\t\t\t<\/div>\n\t\t\t\t\t<\/div>\n\t\t\t\t<\/div>\n\t\t\t\t<\/div>\n\t\t","protected":false},"excerpt":{"rendered":"<p>Dates : 16-18 octobre 2026 (Module 1) 20-22 novembre 2026 (Module 2) Lieu : Espace Saint-Germain de Charonne, 5 rue Saint-Blaise, 75020 Paris Pr\u00e9-requis : Sans pr\u00e9-requis dans le toucher Tarif et financement : \u00e0 partir de 480\u20ac HT Contact et infos utiles T\u00e9l\u00e9phone : 06 45 85 63 73 artdutoucher@gmail.com Site web : https:\/\/artdutoucher.net\/ [&hellip;]<\/p>\n","protected":false},"author":4,"featured_media":14869,"comment_status":"closed","ping_status":"closed","sticky":false,"template":"","format":"standard","meta":{"_acf_changed":false,"inline_featured_image":false,"footnotes":""},"categories":[10],"tags":[69],"class_list":["post-14861","post","type-post","status-publish","format-standard","has-post-thumbnail","hentry","category-stages","tag-shiatsu-humain"],"acf":[],"yoast_head":"<!-- This site is optimized with the Yoast SEO plugin v28.3 - https:\/\/yoast.com\/product\/yoast-seo-wordpress\/ -->\n<title>Cursus Shiatsu, 16-18 oct &amp; 20-22 nov 2026, \u00e0 Paris - F\u00e9d\u00e9ration Fran\u00e7aise de Shiatsu Traditionnel<\/title>\n<meta name=\"robots\" content=\"index, follow, max-snippet:-1, max-image-preview:large, max-video-preview:-1\" \/>\n<link rel=\"canonical\" href=\"https:\/\/ffst.fr\/cursus-shiatsu-16-18-oct-20-22-nov-2026-a-paris\/\" \/>\n<meta property=\"og:locale\" content=\"fr_FR\" \/>\n<meta property=\"og:type\" content=\"article\" \/>\n<meta property=\"og:title\" content=\"Cursus Shiatsu, 16-18 oct &amp; 20-22 nov 2026, \u00e0 Paris - F\u00e9d\u00e9ration Fran\u00e7aise de Shiatsu Traditionnel\" \/>\n<meta property=\"og:description\" content=\"Dates : 16-18 octobre 2026 (Module 1) 20-22 novembre 2026 (Module 2) Lieu : Espace Saint-Germain de Charonne, 5 rue Saint-Blaise, 75020 Paris Pr\u00e9-requis : Sans pr\u00e9-requis dans le toucher Tarif et financement : \u00e0 partir de 480\u20ac HT Contact et infos utiles T\u00e9l\u00e9phone : 06 45 85 63 73 artdutoucher@gmail.com Site web : https:\/\/artdutoucher.net\/ [&hellip;]\" \/>\n<meta property=\"og:url\" content=\"https:\/\/ffst.fr\/cursus-shiatsu-16-18-oct-20-22-nov-2026-a-paris\/\" \/>\n<meta property=\"og:site_name\" content=\"F\u00e9d\u00e9ration Fran\u00e7aise de Shiatsu Traditionnel\" \/>\n<meta property=\"article:published_time\" content=\"2026-08-18T08:31:51+00:00\" \/>\n<meta property=\"article:modified_time\" content=\"2026-08-18T08:37:38+00:00\" \/>\n<meta property=\"og:image\" content=\"https:\/\/ffst.fr\/wp-content\/uploads\/2026\/08\/5.png\" \/>\n\t<meta property=\"og:image:width\" content=\"1024\" \/>\n\t<meta property=\"og:image:height\" content=\"1024\" \/>\n\t<meta property=\"og:image:type\" content=\"image\/png\" \/>\n<meta name=\"author\" content=\"Elisa FOURCASSIES\" \/>\n<meta name=\"twitter:card\" content=\"summary_large_image\" \/>\n<meta name=\"twitter:label1\" content=\"\u00c9crit par\" \/>\n\t<meta name=\"twitter:data1\" content=\"Elisa FOURCASSIES\" \/>\n\t<meta name=\"twitter:label2\" content=\"Dur\u00e9e de lecture estim\u00e9e\" \/>\n\t<meta name=\"twitter:data2\" content=\"3 minutes\" \/>\n<script type=\"application\/ld+json\" class=\"yoast-schema-graph\">{\"@context\":\"https:\\\/\\\/schema.org\",\"@graph\":[{\"@type\":\"Article\",\"@id\":\"https:\\\/\\\/ffst.fr\\\/cursus-shiatsu-16-18-oct-20-22-nov-2026-a-paris\\\/#article\",\"isPartOf\":{\"@id\":\"https:\\\/\\\/ffst.fr\\\/cursus-shiatsu-16-18-oct-20-22-nov-2026-a-paris\\\/\"},\"author\":{\"name\":\"Elisa FOURCASSIES\",\"@id\":\"https:\\\/\\\/ffst.fr\\\/#\\\/schema\\\/person\\\/d5ceac8a803a0c7956c7c40306cd5d16\"},\"headline\":\"Cursus Shiatsu, 16-18 oct &amp; 20-22 nov 2026, \u00e0 Paris\",\"datePublished\":\"2026-08-18T08:31:51+00:00\",\"dateModified\":\"2026-08-18T08:37:38+00:00\",\"mainEntityOfPage\":{\"@id\":\"https:\\\/\\\/ffst.fr\\\/cursus-shiatsu-16-18-oct-20-22-nov-2026-a-paris\\\/\"},\"wordCount\":396,\"image\":{\"@id\":\"https:\\\/\\\/ffst.fr\\\/cursus-shiatsu-16-18-oct-20-22-nov-2026-a-paris\\\/#primaryimage\"},\"thumbnailUrl\":\"https:\\\/\\\/ffst.fr\\\/wp-content\\\/uploads\\\/2026\\\/08\\\/5.png\",\"keywords\":[\"Shiatsu humain\"],\"articleSection\":[\"Stages\"],\"inLanguage\":\"fr-FR\"},{\"@type\":\"WebPage\",\"@id\":\"https:\\\/\\\/ffst.fr\\\/cursus-shiatsu-16-18-oct-20-22-nov-2026-a-paris\\\/\",\"url\":\"https:\\\/\\\/ffst.fr\\\/cursus-shiatsu-16-18-oct-20-22-nov-2026-a-paris\\\/\",\"name\":\"Cursus Shiatsu, 16-18 oct &amp; 20-22 nov 2026, \u00e0 Paris - F\u00e9d\u00e9ration Fran\u00e7aise de Shiatsu Traditionnel\",\"isPartOf\":{\"@id\":\"https:\\\/\\\/ffst.fr\\\/#website\"},\"primaryImageOfPage\":{\"@id\":\"https:\\\/\\\/ffst.fr\\\/cursus-shiatsu-16-18-oct-20-22-nov-2026-a-paris\\\/#primaryimage\"},\"image\":{\"@id\":\"https:\\\/\\\/ffst.fr\\\/cursus-shiatsu-16-18-oct-20-22-nov-2026-a-paris\\\/#primaryimage\"},\"thumbnailUrl\":\"https:\\\/\\\/ffst.fr\\\/wp-content\\\/uploads\\\/2026\\\/08\\\/5.png\",\"datePublished\":\"2026-08-18T08:31:51+00:00\",\"dateModified\":\"2026-08-18T08:37:38+00:00\",\"author\":{\"@id\":\"https:\\\/\\\/ffst.fr\\\/#\\\/schema\\\/person\\\/d5ceac8a803a0c7956c7c40306cd5d16\"},\"breadcrumb\":{\"@id\":\"https:\\\/\\\/ffst.fr\\\/cursus-shiatsu-16-18-oct-20-22-nov-2026-a-paris\\\/#breadcrumb\"},\"inLanguage\":\"fr-FR\",\"potentialAction\":[{\"@type\":\"ReadAction\",\"target\":[\"https:\\\/\\\/ffst.fr\\\/cursus-shiatsu-16-18-oct-20-22-nov-2026-a-paris\\\/\"]}]},{\"@type\":\"ImageObject\",\"inLanguage\":\"fr-FR\",\"@id\":\"https:\\\/\\\/ffst.fr\\\/cursus-shiatsu-16-18-oct-20-22-nov-2026-a-paris\\\/#primaryimage\",\"url\":\"https:\\\/\\\/ffst.fr\\\/wp-content\\\/uploads\\\/2026\\\/08\\\/5.png\",\"contentUrl\":\"https:\\\/\\\/ffst.fr\\\/wp-content\\\/uploads\\\/2026\\\/08\\\/5.png\",\"width\":1024,\"height\":1024},{\"@type\":\"BreadcrumbList\",\"@id\":\"https:\\\/\\\/ffst.fr\\\/cursus-shiatsu-16-18-oct-20-22-nov-2026-a-paris\\\/#breadcrumb\",\"itemListElement\":[{\"@type\":\"ListItem\",\"position\":1,\"name\":\"Accueil\",\"item\":\"https:\\\/\\\/ffst.fr\\\/\"},{\"@type\":\"ListItem\",\"position\":2,\"name\":\"Cursus Shiatsu, 16-18 oct &amp; 20-22 nov 2026, \u00e0 Paris\"}]},{\"@type\":\"WebSite\",\"@id\":\"https:\\\/\\\/ffst.fr\\\/#website\",\"url\":\"https:\\\/\\\/ffst.fr\\\/\",\"name\":\"F\u00e9d\u00e9ration Fran\u00e7aise de Shiatsu Traditionnel\",\"description\":\"\",\"potentialAction\":[{\"@type\":\"SearchAction\",\"target\":{\"@type\":\"EntryPoint\",\"urlTemplate\":\"https:\\\/\\\/ffst.fr\\\/?s={search_term_string}\"},\"query-input\":{\"@type\":\"PropertyValueSpecification\",\"valueRequired\":true,\"valueName\":\"search_term_string\"}}],\"inLanguage\":\"fr-FR\"},{\"@type\":\"Person\",\"@id\":\"https:\\\/\\\/ffst.fr\\\/#\\\/schema\\\/person\\\/d5ceac8a803a0c7956c7c40306cd5d16\",\"name\":\"Elisa FOURCASSIES\",\"image\":{\"@type\":\"ImageObject\",\"inLanguage\":\"fr-FR\",\"@id\":\"https:\\\/\\\/secure.gravatar.com\\\/avatar\\\/9078bc962ff067f2d156410f2058f821828d682e9553632beead89e3db3535d5?s=96&d=mm&r=g\",\"url\":\"https:\\\/\\\/secure.gravatar.com\\\/avatar\\\/9078bc962ff067f2d156410f2058f821828d682e9553632beead89e3db3535d5?s=96&d=mm&r=g\",\"contentUrl\":\"https:\\\/\\\/secure.gravatar.com\\\/avatar\\\/9078bc962ff067f2d156410f2058f821828d682e9553632beead89e3db3535d5?s=96&d=mm&r=g\",\"caption\":\"Elisa FOURCASSIES\"}}]}<\/script>\n<!-- \/ Yoast SEO plugin. -->","yoast_head_json":{"title":"Cursus Shiatsu, 16-18 oct &amp; 20-22 nov 2026, \u00e0 Paris - F\u00e9d\u00e9ration Fran\u00e7aise de Shiatsu Traditionnel","robots":{"index":"index","follow":"follow","max-snippet":"max-snippet:-1","max-image-preview":"max-image-preview:large","max-video-preview":"max-video-preview:-1"},"canonical":"https:\/\/ffst.fr\/cursus-shiatsu-16-18-oct-20-22-nov-2026-a-paris\/","og_locale":"fr_FR","og_type":"article","og_title":"Cursus Shiatsu, 16-18 oct &amp; 20-22 nov 2026, \u00e0 Paris - F\u00e9d\u00e9ration Fran\u00e7aise de Shiatsu Traditionnel","og_description":"Dates : 16-18 octobre 2026 (Module 1) 20-22 novembre 2026 (Module 2) Lieu : Espace Saint-Germain de Charonne, 5 rue Saint-Blaise, 75020 Paris Pr\u00e9-requis : Sans pr\u00e9-requis dans le toucher Tarif et financement : \u00e0 partir de 480\u20ac HT Contact et infos utiles T\u00e9l\u00e9phone : 06 45 85 63 73 artdutoucher@gmail.com Site web : https:\/\/artdutoucher.net\/ [&hellip;]","og_url":"https:\/\/ffst.fr\/cursus-shiatsu-16-18-oct-20-22-nov-2026-a-paris\/","og_site_name":"F\u00e9d\u00e9ration Fran\u00e7aise de Shiatsu Traditionnel","article_published_time":"2026-08-18T08:31:51+00:00","article_modified_time":"2026-08-18T08:37:38+00:00","og_image":[{"width":1024,"height":1024,"url":"https:\/\/ffst.fr\/wp-content\/uploads\/2026\/08\/5.png","type":"image\/png"}],"author":"Elisa FOURCASSIES","twitter_card":"summary_large_image","twitter_misc":{"\u00c9crit par":"Elisa FOURCASSIES","Dur\u00e9e de lecture estim\u00e9e":"3 minutes"},"schema":{"@context":"https:\/\/schema.org","@graph":[{"@type":"Article","@id":"https:\/\/ffst.fr\/cursus-shiatsu-16-18-oct-20-22-nov-2026-a-paris\/#article","isPartOf":{"@id":"https:\/\/ffst.fr\/cursus-shiatsu-16-18-oct-20-22-nov-2026-a-paris\/"},"author":{"name":"Elisa FOURCASSIES","@id":"https:\/\/ffst.fr\/#\/schema\/person\/d5ceac8a803a0c7956c7c40306cd5d16"},"headline":"Cursus Shiatsu, 16-18 oct &amp; 20-22 nov 2026, \u00e0 Paris","datePublished":"2026-08-18T08:31:51+00:00","dateModified":"2026-08-18T08:37:38+00:00","mainEntityOfPage":{"@id":"https:\/\/ffst.fr\/cursus-shiatsu-16-18-oct-20-22-nov-2026-a-paris\/"},"wordCount":396,"image":{"@id":"https:\/\/ffst.fr\/cursus-shiatsu-16-18-oct-20-22-nov-2026-a-paris\/#primaryimage"},"thumbnailUrl":"https:\/\/ffst.fr\/wp-content\/uploads\/2026\/08\/5.png","keywords":["Shiatsu humain"],"articleSection":["Stages"],"inLanguage":"fr-FR"},{"@type":"WebPage","@id":"https:\/\/ffst.fr\/cursus-shiatsu-16-18-oct-20-22-nov-2026-a-paris\/","url":"https:\/\/ffst.fr\/cursus-shiatsu-16-18-oct-20-22-nov-2026-a-paris\/","name":"Cursus Shiatsu, 16-18 oct &amp; 20-22 nov 2026, \u00e0 Paris - F\u00e9d\u00e9ration Fran\u00e7aise de Shiatsu Traditionnel","isPartOf":{"@id":"https:\/\/ffst.fr\/#website"},"primaryImageOfPage":{"@id":"https:\/\/ffst.fr\/cursus-shiatsu-16-18-oct-20-22-nov-2026-a-paris\/#primaryimage"},"image":{"@id":"https:\/\/ffst.fr\/cursus-shiatsu-16-18-oct-20-22-nov-2026-a-paris\/#primaryimage"},"thumbnailUrl":"https:\/\/ffst.fr\/wp-content\/uploads\/2026\/08\/5.png","datePublished":"2026-08-18T08:31:51+00:00","dateModified":"2026-08-18T08:37:38+00:00","author":{"@id":"https:\/\/ffst.fr\/#\/schema\/person\/d5ceac8a803a0c7956c7c40306cd5d16"},"breadcrumb":{"@id":"https:\/\/ffst.fr\/cursus-shiatsu-16-18-oct-20-22-nov-2026-a-paris\/#breadcrumb"},"inLanguage":"fr-FR","potentialAction":[{"@type":"ReadAction","target":["https:\/\/ffst.fr\/cursus-shiatsu-16-18-oct-20-22-nov-2026-a-paris\/"]}]},{"@type":"ImageObject","inLanguage":"fr-FR","@id":"https:\/\/ffst.fr\/cursus-shiatsu-16-18-oct-20-22-nov-2026-a-paris\/#primaryimage","url":"https:\/\/ffst.fr\/wp-content\/uploads\/2026\/08\/5.png","contentUrl":"https:\/\/ffst.fr\/wp-content\/uploads\/2026\/08\/5.png","width":1024,"height":1024},{"@type":"BreadcrumbList","@id":"https:\/\/ffst.fr\/cursus-shiatsu-16-18-oct-20-22-nov-2026-a-paris\/#breadcrumb","itemListElement":[{"@type":"ListItem","position":1,"name":"Accueil","item":"https:\/\/ffst.fr\/"},{"@type":"ListItem","position":2,"name":"Cursus Shiatsu, 16-18 oct &amp; 20-22 nov 2026, \u00e0 Paris"}]},{"@type":"WebSite","@id":"https:\/\/ffst.fr\/#website","url":"https:\/\/ffst.fr\/","name":"F\u00e9d\u00e9ration Fran\u00e7aise de Shiatsu Traditionnel","description":"","potentialAction":[{"@type":"SearchAction","target":{"@type":"EntryPoint","urlTemplate":"https:\/\/ffst.fr\/?s={search_term_string}"},"query-input":{"@type":"PropertyValueSpecification","valueRequired":true,"valueName":"search_term_string"}}],"inLanguage":"fr-FR"},{"@type":"Person","@id":"https:\/\/ffst.fr\/#\/schema\/person\/d5ceac8a803a0c7956c7c40306cd5d16","name":"Elisa FOURCASSIES","image":{"@type":"ImageObject","inLanguage":"fr-FR","@id":"https:\/\/secure.gravatar.com\/avatar\/9078bc962ff067f2d156410f2058f821828d682e9553632beead89e3db3535d5?s=96&d=mm&r=g","url":"https:\/\/secure.gravatar.com\/avatar\/9078bc962ff067f2d156410f2058f821828d682e9553632beead89e3db3535d5?s=96&d=mm&r=g","contentUrl":"https:\/\/secure.gravatar.com\/avatar\/9078bc962ff067f2d156410f2058f821828d682e9553632beead89e3db3535d5?s=96&d=mm&r=g","caption":"Elisa FOURCASSIES"}}]}},"_links":{"self":[{"href":"https:\/\/ffst.fr\/index.php?rest_route=\/wp\/v2\/posts\/14861","targetHints":{"allow":["GET"]}}],"collection":[{"href":"https:\/\/ffst.fr\/index.php?rest_route=\/wp\/v2\/posts"}],"about":[{"href":"https:\/\/ffst.fr\/index.php?rest_route=\/wp\/v2\/types\/post"}],"author":[{"embeddable":true,"href":"https:\/\/ffst.fr\/index.php?rest_route=\/wp\/v2\/users\/4"}],"replies":[{"embeddable":true,"href":"https:\/\/ffst.fr\/index.php?rest_route=%2Fwp%2Fv2%2Fcomments&post=14861"}],"version-history":[{"count":0,"href":"https:\/\/ffst.fr\/index.php?rest_route=\/wp\/v2\/posts\/14861\/revisions"}],"wp:featuredmedia":[{"embeddable":true,"href":"https:\/\/ffst.fr\/index.php?rest_route=\/wp\/v2\/media\/14869"}],"wp:attachment":[{"href":"https:\/\/ffst.fr\/index.php?rest_route=%2Fwp%2Fv2%2Fmedia&parent=14861"}],"wp:term":[{"taxonomy":"category","embeddable":true,"href":"https:\/\/ffst.fr\/index.php?rest_route=%2Fwp%2Fv2%2Fcategories&post=14861"},{"taxonomy":"post_tag","embeddable":true,"href":"https:\/\/ffst.fr\/index.php?rest_route=%2Fwp%2Fv2%2Ftags&post=14861"}],"curies":[{"name":"wp","href":"https:\/\/api.w.org\/{rel}","templated":true}]}}