{"id":14853,"date":"2026-08-18T10:24:16","date_gmt":"2026-08-18T08:24:16","guid":{"rendered":"https:\/\/ffst.fr\/?p=14853"},"modified":"2026-08-18T10:25:54","modified_gmt":"2026-08-18T08:25:54","slug":"stage-shiatsu-et-ventre-les-6-et-7-mai-2027-a-paris-2","status":"publish","type":"post","link":"https:\/\/ffst.fr\/?p=14853","title":{"rendered":"Stage Shiatsu et ventre, les 28 et 29 septembre 2026 \u00e0 Paris"},"content":{"rendered":"\t\t<div data-elementor-type=\"wp-post\" data-elementor-id=\"14853\" class=\"elementor elementor-14853\" data-elementor-post-type=\"post\">\n\t\t\t\t<div class=\"elementor-element elementor-element-68776a1e e-flex e-con-boxed e-con e-parent\" data-id=\"68776a1e\" data-element_type=\"container\" data-e-type=\"container\" data-settings=\"{&quot;background_background&quot;:&quot;classic&quot;}\">\n\t\t\t\t\t<div class=\"e-con-inner\">\n\t\t\t\t<div class=\"elementor-element elementor-element-65fcf4e elementor-widget elementor-widget-heading\" data-id=\"65fcf4e\" data-element_type=\"widget\" data-e-type=\"widget\" data-widget_type=\"heading.default\">\n\t\t\t\t<div class=\"elementor-widget-container\">\n\t\t\t\t\t<h1 class=\"elementor-heading-title elementor-size-default\">Stage Shiatsu et ventre, les 28 et 29 septembre 2026 \u00e0 Paris<\/h1>\t\t\t\t<\/div>\n\t\t\t\t<\/div>\n\t\t<div class=\"elementor-element elementor-element-793bd274 e-flex e-con-boxed e-con e-child\" data-id=\"793bd274\" data-element_type=\"container\" data-e-type=\"container\">\n\t\t\t\t\t<div class=\"e-con-inner\">\n\t\t<div class=\"elementor-element elementor-element-37b7fb57 e-flex e-con-boxed e-con e-child\" data-id=\"37b7fb57\" data-element_type=\"container\" data-e-type=\"container\">\n\t\t\t\t\t<div class=\"e-con-inner\">\n\t\t\t\t<div class=\"elementor-element elementor-element-360a522e elementor-widget elementor-widget-text-editor\" data-id=\"360a522e\" data-element_type=\"widget\" data-e-type=\"widget\" data-widget_type=\"text-editor.default\">\n\t\t\t\t<div class=\"elementor-widget-container\">\n\t\t\t\t\t\t\t\t\t<p align=\"left\"><span style=\"font-family: Calibri, serif;\"><b>Dates et horaires\u00a0: <\/b><\/span><\/p><p align=\"left\"><span style=\"font-family: Calibri, serif;\">28 &#8211; 29 septembre 2026 \/ 10:00 &#8211; 18:00\u00a0<\/span><\/p><p align=\"left\"><span style=\"font-family: Calibri, serif;\"><b>Lieu : <\/b><\/span><span style=\"font-family: Calibri, serif;\">Dojo Les Sens du Monde, 17 rue Lisfranc, 75020 Paris<\/span><\/p><p align=\"left\"><span style=\"font-family: Calibri, serif;\"><b>Pr\u00e9-requis :<\/b><\/span> <span style=\"font-family: Calibri, serif;\"><span style=\"font-size: small;\">1\u00e8re ann\u00e9e de formation Shiatsu ou \u00e9quivalent.<\/span><\/span><\/p><p align=\"left\"><span style=\"font-family: Calibri, serif;\"><b>Tarif et financement : <\/b><\/span><span style=\"font-family: Calibri, serif;\">320 \u20ac HT<\/span><\/p><p align=\"left\"><span style=\"font-family: Calibri, serif;\"><b>Contact et infos utiles<\/b><\/span><\/p><ul><li><p align=\"left\"><span style=\"font-family: Calibri, serif;\">T\u00e9l\u00e9phone : 06 45 85 63 73<\/span><\/p><\/li><li><p align=\"left\"><a href=\"mailto:artdutoucher@gmail.com\"><span style=\"color: #0563c1;\"><span style=\"font-family: Calibri, serif;\"><u>artdutoucher@gmail.com<\/u><\/span><\/span><\/a><\/p><\/li><li><p align=\"left\"><span style=\"font-family: Calibri, serif;\">Site web : <\/span><a href=\"https:\/\/artdutoucher.net\/\"><span style=\"color: #0563c1;\"><span style=\"font-family: Calibri, serif;\"><u>https:\/\/artdutoucher.net\/<\/u><\/span><\/span><\/a><\/p><\/li><\/ul>\t\t\t\t\t\t\t\t<\/div>\n\t\t\t\t<\/div>\n\t\t\t\t<div class=\"elementor-element elementor-element-673906f elementor-widget elementor-widget-button\" data-id=\"673906f\" data-element_type=\"widget\" data-e-type=\"widget\" data-widget_type=\"button.default\">\n\t\t\t\t<div class=\"elementor-widget-container\">\n\t\t\t\t\t\t\t\t\t<div class=\"elementor-button-wrapper\">\n\t\t\t\t\t<a class=\"elementor-button elementor-button-link elementor-size-sm\" href=\"https:\/\/artdutoucher.net\/shiatsu-du-ventre\/\" target=\"_blank\">\n\t\t\t\t\t\t<span class=\"elementor-button-content-wrapper\">\n\t\t\t\t\t\t<span class=\"elementor-button-icon\">\n\t\t\t\t<svg aria-hidden=\"true\" class=\"e-font-icon-svg e-fas-external-link-alt\" viewBox=\"0 0 512 512\" xmlns=\"http:\/\/www.w3.org\/2000\/svg\"><path d=\"M432,320H400a16,16,0,0,0-16,16V448H64V128H208a16,16,0,0,0,16-16V80a16,16,0,0,0-16-16H48A48,48,0,0,0,0,112V464a48,48,0,0,0,48,48H400a48,48,0,0,0,48-48V336A16,16,0,0,0,432,320ZM488,0h-128c-21.37,0-32.05,25.91-17,41l35.73,35.73L135,320.37a24,24,0,0,0,0,34L157.67,377a24,24,0,0,0,34,0L435.28,133.32,471,169c15,15,41,4.5,41-17V24A24,24,0,0,0,488,0Z\"><\/path><\/svg>\t\t\t<\/span>\n\t\t\t\t\t\t\t\t\t<span class=\"elementor-button-text\">En savoir plus<\/span>\n\t\t\t\t\t<\/span>\n\t\t\t\t\t<\/a>\n\t\t\t\t<\/div>\n\t\t\t\t\t\t\t\t<\/div>\n\t\t\t\t<\/div>\n\t\t\t\t\t<\/div>\n\t\t\t\t<\/div>\n\t\t<div class=\"elementor-element elementor-element-55b486af e-flex e-con-boxed e-con e-child\" data-id=\"55b486af\" data-element_type=\"container\" data-e-type=\"container\">\n\t\t\t\t\t<div class=\"e-con-inner\">\n\t\t\t\t<div class=\"elementor-element elementor-element-2599d86e elementor-widget elementor-widget-image\" data-id=\"2599d86e\" data-element_type=\"widget\" data-e-type=\"widget\" data-widget_type=\"image.default\">\n\t\t\t\t<div class=\"elementor-widget-container\">\n\t\t\t\t\t\t\t\t\t\t\t\t\t\t\t\t<a href=\"https:\/\/ffst.fr\/wp-content\/uploads\/2026\/08\/4.png\" data-elementor-open-lightbox=\"yes\" data-e-action-hash=\"#elementor-action%3Aaction%3Dlightbox%26settings%3DeyJpZCI6MTQ4NDQsInVybCI6Imh0dHBzOlwvXC9mZnN0LmZyXC93cC1jb250ZW50XC91cGxvYWRzXC8yMDI2XC8wOFwvNC5wbmcifQ%3D%3D\">\n\t\t\t\t\t\t\t<img fetchpriority=\"high\" decoding=\"async\" width=\"1024\" height=\"1024\" src=\"https:\/\/ffst.fr\/wp-content\/uploads\/2026\/08\/4.png\" class=\"attachment-full size-full wp-image-14844\" alt=\"\" srcset=\"https:\/\/ffst.fr\/wp-content\/uploads\/2026\/08\/4.png 1024w, https:\/\/ffst.fr\/wp-content\/uploads\/2026\/08\/4-300x300.png 300w, https:\/\/ffst.fr\/wp-content\/uploads\/2026\/08\/4-150x150.png 150w, https:\/\/ffst.fr\/wp-content\/uploads\/2026\/08\/4-768x768.png 768w, https:\/\/ffst.fr\/wp-content\/uploads\/2026\/08\/4-600x600.png 600w, https:\/\/ffst.fr\/wp-content\/uploads\/2026\/08\/4-100x100.png 100w\" sizes=\"(max-width: 1024px) 100vw, 1024px\" \/>\t\t\t\t\t\t\t\t<\/a>\n\t\t\t\t\t\t\t\t\t\t\t\t\t\t\t<\/div>\n\t\t\t\t<\/div>\n\t\t\t\t\t<\/div>\n\t\t\t\t<\/div>\n\t\t\t\t\t<\/div>\n\t\t\t\t<\/div>\n\t\t\t\t<div class=\"elementor-element elementor-element-33b14c6c elementor-widget__width-inherit elementor-widget elementor-widget-text-editor\" data-id=\"33b14c6c\" data-element_type=\"widget\" data-e-type=\"widget\" data-widget_type=\"text-editor.default\">\n\t\t\t\t<div class=\"elementor-widget-container\">\n\t\t\t\t\t\t\t\t\t<ul><li><p align=\"left\"><span style=\"font-family: Calibri, serif;\"><b>Pr\u00e9sentation de la formation<\/b><\/span><\/p><\/li><\/ul><p align=\"justify\"><span style=\"color: #1d1d1b;\"><span style=\"font-family: Calibri, serif;\">La formation en Shiatsu du Ventre a pour objectif d&#8217;<\/span><\/span><span style=\"color: #1d1d1b;\"><span style=\"font-family: Calibri, serif;\"><b>acqu\u00e9rir des comp\u00e9tences sp\u00e9cifiques <\/b><\/span><\/span><span style=\"color: #1d1d1b;\"><span style=\"font-family: Calibri, serif;\">dans le domaine du <\/span><\/span><span style=\"color: #1d1d1b;\"><span style=\"font-family: Calibri, serif;\"><b>bien-\u00eatre<\/b><\/span><\/span><span style=\"color: #1d1d1b;\"><span style=\"font-family: Calibri, serif;\">. <\/span><\/span><\/p><p align=\"justify\"><span style=\"color: #1d1d1b;\"><span style=\"font-family: Calibri, serif;\">En se concentrant sur cette technique particuli\u00e8re, les participants apprendront \u00e0 utiliser le Shiatsu pour f<\/span><\/span><span style=\"color: #1d1d1b;\"><span style=\"font-family: Calibri, serif;\"><b>avoriser la d\u00e9tente<\/b><\/span><\/span><span style=\"color: #1d1d1b;\"><span style=\"font-family: Calibri, serif;\">,<\/span><\/span><span style=\"color: #1d1d1b;\"><span style=\"font-family: Calibri, serif;\"><b> am\u00e9liorer la digestion <\/b><\/span><\/span><span style=\"color: #1d1d1b;\"><span style=\"font-family: Calibri, serif;\">et <\/span><\/span><span style=\"color: #1d1d1b;\"><span style=\"font-family: Calibri, serif;\"><b>\u00e9quilibrer les \u00e9motions <\/b><\/span><\/span><span style=\"color: #1d1d1b;\"><span style=\"font-family: Calibri, serif;\">de leurs clients. Gr\u00e2ce \u00e0 cette formation, les praticiens seront en mesure d&#8217;adopter une posture plus empathique et attentive, renfor\u00e7ant ainsi leur <\/span><\/span><span style=\"color: #1d1d1b;\"><span style=\"font-family: Calibri, serif;\"><b>relation avec les patients<\/b><\/span><\/span><span style=\"color: #1d1d1b;\"><span style=\"font-family: Calibri, serif;\">.<\/span><\/span><\/p><p align=\"justify\"><span style=\"color: #1d1d1b;\"><span style=\"font-family: Calibri, serif;\">Les grands axes de cette formation incluent l&#8217;\u00e9tude des principes fondamentaux du Shiatsu appliqu\u00e9s \u00e0 la r\u00e9gion abdominale, ainsi que des techniques manuelles pr\u00e9cises adapt\u00e9es \u00e0 cette zone. Les participants auront l&#8217;opportunit\u00e9 de se familiariser avec <\/span><\/span><span style=\"color: #1d1d1b;\"><span style=\"font-family: Calibri, serif;\"><b>des outils sp\u00e9cifiques <\/b><\/span><\/span><span style=\"color: #1d1d1b;\"><span style=\"font-family: Calibri, serif;\">et <\/span><\/span><span style=\"color: #1d1d1b;\"><span style=\"font-family: Calibri, serif;\"><b>des approches compl\u00e9mentaires<\/b><\/span><\/span><span style=\"color: #1d1d1b;\"><span style=\"font-family: Calibri, serif;\">, le tout dans un cadre p\u00e9dagogique ax\u00e9 sur la pratique et l&#8217;exp\u00e9rimentation. Ce qui distingue cette formation, c&#8217;est son <\/span><\/span><span style=\"color: #1d1d1b;\"><span style=\"font-family: Calibri, serif;\"><b>approche int\u00e9grative<\/b><\/span><\/span><span style=\"color: #1d1d1b;\"><span style=\"font-family: Calibri, serif;\">, qui combine th\u00e9orie et pratique pour garantir une ma\u00eetrise efficace des techniques enseign\u00e9es.<\/span><\/span><\/p><p align=\"justify\"><span style=\"color: #1d1d1b;\"><span style=\"font-family: Calibri, serif;\">Destin\u00e9e aux praticiens <\/span><\/span><span style=\"color: #1d1d1b;\"><span style=\"font-family: Calibri, serif;\"><b>d\u00e9j\u00e0 install\u00e9s<\/b><\/span><\/span><span style=\"color: #1d1d1b;\"><span style=\"font-family: Calibri, serif;\"> d\u00e9sireux d&#8217;approfondir leurs connaissances, les stagiaires b\u00e9n\u00e9ficieront d&#8217;un <\/span><\/span><span style=\"color: #1d1d1b;\"><span style=\"font-family: Calibri, serif;\"><b>accompagnement personnalis\u00e9 <\/b><\/span><\/span><span style=\"color: #1d1d1b;\"><span style=\"font-family: Calibri, serif;\">tout au long de leur apprentissage, favorisant ainsi une appropriation rapide des comp\u00e9tences.<\/span><\/span><\/p><p align=\"justify\"><span style=\"color: #1d1d1b;\"><span style=\"font-family: Calibri, serif;\">Pour en conna\u00eetre le <\/span><\/span><span style=\"color: #1d1d1b;\"><span style=\"font-family: Calibri, serif;\"><b>programme d\u00e9taill\u00e9<\/b><\/span><\/span><span style=\"color: #1d1d1b;\"><span style=\"font-family: Calibri, serif;\"> et vous inscrire, nous vous invitons \u00e0 d\u00e9couvrir la formation compl\u00e8te sur notre site <\/span><\/span><a href=\"https:\/\/artdutoucher.net\/shiatsu-du-ventre\/\"><span style=\"color: #1155cc;\"><span style=\"font-family: Calibri, serif;\"><u>en cliquant ici<\/u><\/span><\/span><\/a><span style=\"color: #1d1d1b;\"><span style=\"font-family: Calibri, serif;\">.<\/span><\/span><\/p><ul><li><p align=\"left\"><span style=\"font-family: Calibri, serif;\"><b>Objectifs p\u00e9dagogiques<\/b><\/span><\/p><\/li><\/ul><p align=\"left\"><span style=\"font-family: Calibri, serif;\"><span style=\"font-size: small;\">Appliquer une s\u00e9ance compl\u00e8te de Shiatsu du ventre d\u20191 heure.<\/span><\/span><\/p><ul><li><p align=\"left\"><span style=\"font-family: Calibri, serif;\"><b>Public cible<\/b><\/span><\/p><\/li><\/ul><p align=\"left\"><span style=\"font-family: Calibri, serif;\"><span style=\"font-size: small;\">La formation s\u2019adresse aux <\/span><\/span><span style=\"font-family: Calibri, serif;\">stagiaires en formation Shiatsu.<\/span><\/p><ul><li><p align=\"left\"><span style=\"font-family: Calibri, serif;\"><b>Formateur<\/b><\/span><\/p><\/li><\/ul><p align=\"left\"><a href=\"https:\/\/artdutoucher.net\/equipe-de-formation\/\"><span style=\"color: #0563c1;\"><span style=\"font-family: Calibri, serif;\"><u><b>Barbara Aubry<\/b><\/u><\/span><\/span><\/a><span style=\"font-family: Calibri, serif;\">, praticienne et enseignante en Shiatsu et th\u00e9rapies manuelles depuis 20 ans.<\/span><\/p><ul><li><p align=\"left\"><span style=\"font-family: Calibri, serif;\"><b>A propos de l\u2019Art du Toucher\u00a0<\/b><\/span><\/p><\/li><\/ul><p align=\"left\"><span style=\"font-family: Calibri, serif;\">L\u2019Art du Toucher est un centre de formation d\u00e9di\u00e9 aux m\u00e9tiers du bien-\u00eatre, sp\u00e9cialis\u00e9 dans le Shiatsu, les massages du monde et les approches \u00e9nerg\u00e9tiques.\u00a0<\/span><\/p><p align=\"left\"><span style=\"font-family: Calibri, serif;\">Fond\u00e9 par Barbara Aubry, praticienne et enseignante avec plus de 20 ans d\u2019exp\u00e9rience, le centre s\u2019engage \u00e0 transmettre des savoirs riches et authentiques, dans une d\u00e9marche de bienveillance, d\u2019\u00e9coute, et de d\u00e9veloppement personnel.<\/span><\/p><p align=\"left\"><span style=\"font-family: Calibri, serif;\">Nous proposons des formations certifiantes et accessibles \u00e0 tous, que vous soyez professionnel souhaitant perfectionner vos comp\u00e9tences ou en pleine reconversion dans le domaine du bien-\u00eatre.<\/span><\/p><ul><li><p align=\"left\"><span style=\"font-family: Calibri, serif;\"><b>Modalit\u00e9s d\u2019inscription<\/b><\/span><\/p><\/li><\/ul><p align=\"left\"><span style=\"font-family: Calibri, serif;\">L\u2019inscription est r\u00e9put\u00e9e acquise apr\u00e8s r\u00e9ception du dossier d\u2019inscription (r\u00e9servation en ligne, contrat\/convention sign\u00e9(e), r\u00e8glement ou versement d\u2019acompte de 30% effectu\u00e9, \u00e9ventuels justificatifs re\u00e7us). Une inscription doit \u00eatre envoy\u00e9e au plus tard 14 jours avant une date de stage.<\/span><\/p><p align=\"left\"><span style=\"font-family: Calibri, serif;\">Nos formations sont ouvertes \u00e0 tous et \u00e9ligibles \u00e0 divers dispositifs de financement.<\/span><\/p><p align=\"left\"><span style=\"font-family: Calibri, serif;\">Que vous soyez salari\u00e9, demandeur d\u2019emploi, ind\u00e9pendant, artiste ou en situation de handicap, nous pouvons vous proposer une solution adapt\u00e9e \u00e0 votre profil. <\/span><\/p><p align=\"left\"><span style=\"font-family: Calibri, serif;\">Pour en savoir plus, consultez notre page d\u00e9di\u00e9e aux possibilit\u00e9s de financement chez l\u2019Art du Toucher : <\/span><a href=\"https:\/\/artdutoucher.net\/financements-de-votre-formation\/\"><span style=\"color: #1155cc;\"><span style=\"font-family: Calibri, serif;\"><u><b>https:\/\/artdutoucher.net\/financements-de-votre-formation\/<\/b><\/u><\/span><\/span><\/a><b> <\/b><\/p><p align=\"left\"><br \/><br \/><\/p><p align=\"left\">\u26a0 <span style=\"font-family: Calibri, serif;\"><b>Important<\/b><\/span><\/p><p align=\"left\"><span style=\"font-family: Calibri, serif;\">Pour b\u00e9n\u00e9ficier d\u2019un financement, l\u2019inscription doit \u00eatre effectu\u00e9e au moins <\/span><span style=\"font-family: Calibri, serif;\"><b>30 \u00e0 20 jours <\/b><\/span><span style=\"font-family: Calibri, serif;\">avant le d\u00e9but du stage afin de finaliser les d\u00e9marches administratives.<\/span><\/p><p align=\"left\"><span style=\"font-family: Calibri, serif;\">Nous restons disponibles pour toute question ou accompagnement dans vos d\u00e9marches.<\/span><\/p>\t\t\t\t\t\t\t\t<\/div>\n\t\t\t\t<\/div>\n\t\t\t\t<div class=\"elementor-element elementor-element-20ef2ad5 elementor-widget elementor-widget-image\" data-id=\"20ef2ad5\" data-element_type=\"widget\" data-e-type=\"widget\" data-widget_type=\"image.default\">\n\t\t\t\t<div class=\"elementor-widget-container\">\n\t\t\t\t\t\t\t\t\t\t\t\t\t\t\t<img decoding=\"async\" width=\"500\" height=\"500\" src=\"https:\/\/ffst.fr\/wp-content\/uploads\/2024\/01\/federation-francaise-de-shiatsu-traditionnel-logo.png\" class=\"attachment-large size-large wp-image-744\" alt=\"Logo F\u00e9d\u00e9ration Fran\u00e7aise de Shiatsu Traditionnel\" srcset=\"https:\/\/ffst.fr\/wp-content\/uploads\/2024\/01\/federation-francaise-de-shiatsu-traditionnel-logo.png 500w, https:\/\/ffst.fr\/wp-content\/uploads\/2024\/01\/federation-francaise-de-shiatsu-traditionnel-logo-300x300.png 300w, https:\/\/ffst.fr\/wp-content\/uploads\/2024\/01\/federation-francaise-de-shiatsu-traditionnel-logo-150x150.png 150w\" sizes=\"(max-width: 500px) 100vw, 500px\" \/>\t\t\t\t\t\t\t\t\t\t\t\t\t\t\t<\/div>\n\t\t\t\t<\/div>\n\t\t\t\t<div class=\"elementor-element elementor-element-7189d6e4 elementor-widget elementor-widget-html\" data-id=\"7189d6e4\" data-element_type=\"widget\" data-e-type=\"widget\" data-widget_type=\"html.default\">\n\t\t\t\t<div class=\"elementor-widget-container\">\n\t\t\t\t\t<button onclick=\"goBack()\">Retour \u00e0 la page pr\u00e9c\u00e9dente<\/button>\r\n\r\n<script>\r\nfunction goBack() {\r\n  window.history.back();\r\n}\r\n<\/script>\t\t\t\t<\/div>\n\t\t\t\t<\/div>\n\t\t\t\t\t<\/div>\n\t\t\t\t<\/div>\n\t\t\t\t<\/div>\n\t\t","protected":false},"excerpt":{"rendered":"<p>Dates et horaires\u00a0: 28 &#8211; 29 septembre 2026 \/ 10:00 &#8211; 18:00\u00a0 Lieu : Dojo Les Sens du Monde, 17 rue Lisfranc, 75020 Paris Pr\u00e9-requis : 1\u00e8re ann\u00e9e de formation Shiatsu ou \u00e9quivalent. Tarif et financement : 320 \u20ac HT Contact et infos utiles T\u00e9l\u00e9phone : 06 45 85 63 73 artdutoucher@gmail.com Site web : [&hellip;]<\/p>\n","protected":false},"author":4,"featured_media":14844,"comment_status":"closed","ping_status":"closed","sticky":false,"template":"","format":"standard","meta":{"_acf_changed":false,"inline_featured_image":false,"footnotes":""},"categories":[10],"tags":[69],"class_list":["post-14853","post","type-post","status-publish","format-standard","has-post-thumbnail","hentry","category-stages","tag-shiatsu-humain"],"acf":[],"yoast_head":"<!-- This site is optimized with the Yoast SEO plugin v28.3 - https:\/\/yoast.com\/product\/yoast-seo-wordpress\/ -->\n<title>Stage Shiatsu et ventre, les 28 et 29 septembre 2026 \u00e0 Paris - F\u00e9d\u00e9ration Fran\u00e7aise de Shiatsu Traditionnel<\/title>\n<meta name=\"robots\" content=\"index, follow, max-snippet:-1, max-image-preview:large, max-video-preview:-1\" \/>\n<link rel=\"canonical\" href=\"https:\/\/ffst.fr\/stage-shiatsu-et-ventre-les-6-et-7-mai-2027-a-paris-2\/\" \/>\n<meta property=\"og:locale\" content=\"fr_FR\" \/>\n<meta property=\"og:type\" content=\"article\" \/>\n<meta property=\"og:title\" content=\"Stage Shiatsu et ventre, les 28 et 29 septembre 2026 \u00e0 Paris - F\u00e9d\u00e9ration Fran\u00e7aise de Shiatsu Traditionnel\" \/>\n<meta property=\"og:description\" content=\"Dates et horaires\u00a0: 28 &#8211; 29 septembre 2026 \/ 10:00 &#8211; 18:00\u00a0 Lieu : Dojo Les Sens du Monde, 17 rue Lisfranc, 75020 Paris Pr\u00e9-requis : 1\u00e8re ann\u00e9e de formation Shiatsu ou \u00e9quivalent. Tarif et financement : 320 \u20ac HT Contact et infos utiles T\u00e9l\u00e9phone : 06 45 85 63 73 artdutoucher@gmail.com Site web : [&hellip;]\" \/>\n<meta property=\"og:url\" content=\"https:\/\/ffst.fr\/stage-shiatsu-et-ventre-les-6-et-7-mai-2027-a-paris-2\/\" \/>\n<meta property=\"og:site_name\" content=\"F\u00e9d\u00e9ration Fran\u00e7aise de Shiatsu Traditionnel\" \/>\n<meta property=\"article:published_time\" content=\"2026-08-18T08:24:16+00:00\" \/>\n<meta property=\"article:modified_time\" content=\"2026-08-18T08:25:54+00:00\" \/>\n<meta property=\"og:image\" content=\"https:\/\/ffst.fr\/wp-content\/uploads\/2026\/08\/4.png\" \/>\n\t<meta property=\"og:image:width\" content=\"1024\" \/>\n\t<meta property=\"og:image:height\" content=\"1024\" \/>\n\t<meta property=\"og:image:type\" content=\"image\/png\" \/>\n<meta name=\"author\" content=\"Elisa FOURCASSIES\" \/>\n<meta name=\"twitter:card\" content=\"summary_large_image\" \/>\n<meta name=\"twitter:label1\" content=\"\u00c9crit par\" \/>\n\t<meta name=\"twitter:data1\" content=\"Elisa FOURCASSIES\" \/>\n\t<meta name=\"twitter:label2\" content=\"Dur\u00e9e de lecture estim\u00e9e\" \/>\n\t<meta name=\"twitter:data2\" content=\"4 minutes\" \/>\n<script type=\"application\/ld+json\" class=\"yoast-schema-graph\">{\"@context\":\"https:\\\/\\\/schema.org\",\"@graph\":[{\"@type\":\"Article\",\"@id\":\"https:\\\/\\\/ffst.fr\\\/stage-shiatsu-et-ventre-les-6-et-7-mai-2027-a-paris-2\\\/#article\",\"isPartOf\":{\"@id\":\"https:\\\/\\\/ffst.fr\\\/stage-shiatsu-et-ventre-les-6-et-7-mai-2027-a-paris-2\\\/\"},\"author\":{\"name\":\"Elisa FOURCASSIES\",\"@id\":\"https:\\\/\\\/ffst.fr\\\/#\\\/schema\\\/person\\\/d5ceac8a803a0c7956c7c40306cd5d16\"},\"headline\":\"Stage Shiatsu et ventre, les 28 et 29 septembre 2026 \u00e0 Paris\",\"datePublished\":\"2026-08-18T08:24:16+00:00\",\"dateModified\":\"2026-08-18T08:25:54+00:00\",\"mainEntityOfPage\":{\"@id\":\"https:\\\/\\\/ffst.fr\\\/stage-shiatsu-et-ventre-les-6-et-7-mai-2027-a-paris-2\\\/\"},\"wordCount\":596,\"image\":{\"@id\":\"https:\\\/\\\/ffst.fr\\\/stage-shiatsu-et-ventre-les-6-et-7-mai-2027-a-paris-2\\\/#primaryimage\"},\"thumbnailUrl\":\"https:\\\/\\\/ffst.fr\\\/wp-content\\\/uploads\\\/2026\\\/08\\\/4.png\",\"keywords\":[\"Shiatsu humain\"],\"articleSection\":[\"Stages\"],\"inLanguage\":\"fr-FR\"},{\"@type\":\"WebPage\",\"@id\":\"https:\\\/\\\/ffst.fr\\\/stage-shiatsu-et-ventre-les-6-et-7-mai-2027-a-paris-2\\\/\",\"url\":\"https:\\\/\\\/ffst.fr\\\/stage-shiatsu-et-ventre-les-6-et-7-mai-2027-a-paris-2\\\/\",\"name\":\"Stage Shiatsu et ventre, les 28 et 29 septembre 2026 \u00e0 Paris - F\u00e9d\u00e9ration Fran\u00e7aise de Shiatsu Traditionnel\",\"isPartOf\":{\"@id\":\"https:\\\/\\\/ffst.fr\\\/#website\"},\"primaryImageOfPage\":{\"@id\":\"https:\\\/\\\/ffst.fr\\\/stage-shiatsu-et-ventre-les-6-et-7-mai-2027-a-paris-2\\\/#primaryimage\"},\"image\":{\"@id\":\"https:\\\/\\\/ffst.fr\\\/stage-shiatsu-et-ventre-les-6-et-7-mai-2027-a-paris-2\\\/#primaryimage\"},\"thumbnailUrl\":\"https:\\\/\\\/ffst.fr\\\/wp-content\\\/uploads\\\/2026\\\/08\\\/4.png\",\"datePublished\":\"2026-08-18T08:24:16+00:00\",\"dateModified\":\"2026-08-18T08:25:54+00:00\",\"author\":{\"@id\":\"https:\\\/\\\/ffst.fr\\\/#\\\/schema\\\/person\\\/d5ceac8a803a0c7956c7c40306cd5d16\"},\"breadcrumb\":{\"@id\":\"https:\\\/\\\/ffst.fr\\\/stage-shiatsu-et-ventre-les-6-et-7-mai-2027-a-paris-2\\\/#breadcrumb\"},\"inLanguage\":\"fr-FR\",\"potentialAction\":[{\"@type\":\"ReadAction\",\"target\":[\"https:\\\/\\\/ffst.fr\\\/stage-shiatsu-et-ventre-les-6-et-7-mai-2027-a-paris-2\\\/\"]}]},{\"@type\":\"ImageObject\",\"inLanguage\":\"fr-FR\",\"@id\":\"https:\\\/\\\/ffst.fr\\\/stage-shiatsu-et-ventre-les-6-et-7-mai-2027-a-paris-2\\\/#primaryimage\",\"url\":\"https:\\\/\\\/ffst.fr\\\/wp-content\\\/uploads\\\/2026\\\/08\\\/4.png\",\"contentUrl\":\"https:\\\/\\\/ffst.fr\\\/wp-content\\\/uploads\\\/2026\\\/08\\\/4.png\",\"width\":1024,\"height\":1024},{\"@type\":\"BreadcrumbList\",\"@id\":\"https:\\\/\\\/ffst.fr\\\/stage-shiatsu-et-ventre-les-6-et-7-mai-2027-a-paris-2\\\/#breadcrumb\",\"itemListElement\":[{\"@type\":\"ListItem\",\"position\":1,\"name\":\"Accueil\",\"item\":\"https:\\\/\\\/ffst.fr\\\/\"},{\"@type\":\"ListItem\",\"position\":2,\"name\":\"Stage Shiatsu et ventre, les 28 et 29 septembre 2026 \u00e0 Paris\"}]},{\"@type\":\"WebSite\",\"@id\":\"https:\\\/\\\/ffst.fr\\\/#website\",\"url\":\"https:\\\/\\\/ffst.fr\\\/\",\"name\":\"F\u00e9d\u00e9ration Fran\u00e7aise de Shiatsu Traditionnel\",\"description\":\"\",\"potentialAction\":[{\"@type\":\"SearchAction\",\"target\":{\"@type\":\"EntryPoint\",\"urlTemplate\":\"https:\\\/\\\/ffst.fr\\\/?s={search_term_string}\"},\"query-input\":{\"@type\":\"PropertyValueSpecification\",\"valueRequired\":true,\"valueName\":\"search_term_string\"}}],\"inLanguage\":\"fr-FR\"},{\"@type\":\"Person\",\"@id\":\"https:\\\/\\\/ffst.fr\\\/#\\\/schema\\\/person\\\/d5ceac8a803a0c7956c7c40306cd5d16\",\"name\":\"Elisa FOURCASSIES\",\"image\":{\"@type\":\"ImageObject\",\"inLanguage\":\"fr-FR\",\"@id\":\"https:\\\/\\\/secure.gravatar.com\\\/avatar\\\/9078bc962ff067f2d156410f2058f821828d682e9553632beead89e3db3535d5?s=96&d=mm&r=g\",\"url\":\"https:\\\/\\\/secure.gravatar.com\\\/avatar\\\/9078bc962ff067f2d156410f2058f821828d682e9553632beead89e3db3535d5?s=96&d=mm&r=g\",\"contentUrl\":\"https:\\\/\\\/secure.gravatar.com\\\/avatar\\\/9078bc962ff067f2d156410f2058f821828d682e9553632beead89e3db3535d5?s=96&d=mm&r=g\",\"caption\":\"Elisa FOURCASSIES\"}}]}<\/script>\n<!-- \/ Yoast SEO plugin. -->","yoast_head_json":{"title":"Stage Shiatsu et ventre, les 28 et 29 septembre 2026 \u00e0 Paris - F\u00e9d\u00e9ration Fran\u00e7aise de Shiatsu Traditionnel","robots":{"index":"index","follow":"follow","max-snippet":"max-snippet:-1","max-image-preview":"max-image-preview:large","max-video-preview":"max-video-preview:-1"},"canonical":"https:\/\/ffst.fr\/stage-shiatsu-et-ventre-les-6-et-7-mai-2027-a-paris-2\/","og_locale":"fr_FR","og_type":"article","og_title":"Stage Shiatsu et ventre, les 28 et 29 septembre 2026 \u00e0 Paris - F\u00e9d\u00e9ration Fran\u00e7aise de Shiatsu Traditionnel","og_description":"Dates et horaires\u00a0: 28 &#8211; 29 septembre 2026 \/ 10:00 &#8211; 18:00\u00a0 Lieu : Dojo Les Sens du Monde, 17 rue Lisfranc, 75020 Paris Pr\u00e9-requis : 1\u00e8re ann\u00e9e de formation Shiatsu ou \u00e9quivalent. Tarif et financement : 320 \u20ac HT Contact et infos utiles T\u00e9l\u00e9phone : 06 45 85 63 73 artdutoucher@gmail.com Site web : [&hellip;]","og_url":"https:\/\/ffst.fr\/stage-shiatsu-et-ventre-les-6-et-7-mai-2027-a-paris-2\/","og_site_name":"F\u00e9d\u00e9ration Fran\u00e7aise de Shiatsu Traditionnel","article_published_time":"2026-08-18T08:24:16+00:00","article_modified_time":"2026-08-18T08:25:54+00:00","og_image":[{"width":1024,"height":1024,"url":"https:\/\/ffst.fr\/wp-content\/uploads\/2026\/08\/4.png","type":"image\/png"}],"author":"Elisa FOURCASSIES","twitter_card":"summary_large_image","twitter_misc":{"\u00c9crit par":"Elisa FOURCASSIES","Dur\u00e9e de lecture estim\u00e9e":"4 minutes"},"schema":{"@context":"https:\/\/schema.org","@graph":[{"@type":"Article","@id":"https:\/\/ffst.fr\/stage-shiatsu-et-ventre-les-6-et-7-mai-2027-a-paris-2\/#article","isPartOf":{"@id":"https:\/\/ffst.fr\/stage-shiatsu-et-ventre-les-6-et-7-mai-2027-a-paris-2\/"},"author":{"name":"Elisa FOURCASSIES","@id":"https:\/\/ffst.fr\/#\/schema\/person\/d5ceac8a803a0c7956c7c40306cd5d16"},"headline":"Stage Shiatsu et ventre, les 28 et 29 septembre 2026 \u00e0 Paris","datePublished":"2026-08-18T08:24:16+00:00","dateModified":"2026-08-18T08:25:54+00:00","mainEntityOfPage":{"@id":"https:\/\/ffst.fr\/stage-shiatsu-et-ventre-les-6-et-7-mai-2027-a-paris-2\/"},"wordCount":596,"image":{"@id":"https:\/\/ffst.fr\/stage-shiatsu-et-ventre-les-6-et-7-mai-2027-a-paris-2\/#primaryimage"},"thumbnailUrl":"https:\/\/ffst.fr\/wp-content\/uploads\/2026\/08\/4.png","keywords":["Shiatsu humain"],"articleSection":["Stages"],"inLanguage":"fr-FR"},{"@type":"WebPage","@id":"https:\/\/ffst.fr\/stage-shiatsu-et-ventre-les-6-et-7-mai-2027-a-paris-2\/","url":"https:\/\/ffst.fr\/stage-shiatsu-et-ventre-les-6-et-7-mai-2027-a-paris-2\/","name":"Stage Shiatsu et ventre, les 28 et 29 septembre 2026 \u00e0 Paris - F\u00e9d\u00e9ration Fran\u00e7aise de Shiatsu Traditionnel","isPartOf":{"@id":"https:\/\/ffst.fr\/#website"},"primaryImageOfPage":{"@id":"https:\/\/ffst.fr\/stage-shiatsu-et-ventre-les-6-et-7-mai-2027-a-paris-2\/#primaryimage"},"image":{"@id":"https:\/\/ffst.fr\/stage-shiatsu-et-ventre-les-6-et-7-mai-2027-a-paris-2\/#primaryimage"},"thumbnailUrl":"https:\/\/ffst.fr\/wp-content\/uploads\/2026\/08\/4.png","datePublished":"2026-08-18T08:24:16+00:00","dateModified":"2026-08-18T08:25:54+00:00","author":{"@id":"https:\/\/ffst.fr\/#\/schema\/person\/d5ceac8a803a0c7956c7c40306cd5d16"},"breadcrumb":{"@id":"https:\/\/ffst.fr\/stage-shiatsu-et-ventre-les-6-et-7-mai-2027-a-paris-2\/#breadcrumb"},"inLanguage":"fr-FR","potentialAction":[{"@type":"ReadAction","target":["https:\/\/ffst.fr\/stage-shiatsu-et-ventre-les-6-et-7-mai-2027-a-paris-2\/"]}]},{"@type":"ImageObject","inLanguage":"fr-FR","@id":"https:\/\/ffst.fr\/stage-shiatsu-et-ventre-les-6-et-7-mai-2027-a-paris-2\/#primaryimage","url":"https:\/\/ffst.fr\/wp-content\/uploads\/2026\/08\/4.png","contentUrl":"https:\/\/ffst.fr\/wp-content\/uploads\/2026\/08\/4.png","width":1024,"height":1024},{"@type":"BreadcrumbList","@id":"https:\/\/ffst.fr\/stage-shiatsu-et-ventre-les-6-et-7-mai-2027-a-paris-2\/#breadcrumb","itemListElement":[{"@type":"ListItem","position":1,"name":"Accueil","item":"https:\/\/ffst.fr\/"},{"@type":"ListItem","position":2,"name":"Stage Shiatsu et ventre, les 28 et 29 septembre 2026 \u00e0 Paris"}]},{"@type":"WebSite","@id":"https:\/\/ffst.fr\/#website","url":"https:\/\/ffst.fr\/","name":"F\u00e9d\u00e9ration Fran\u00e7aise de Shiatsu Traditionnel","description":"","potentialAction":[{"@type":"SearchAction","target":{"@type":"EntryPoint","urlTemplate":"https:\/\/ffst.fr\/?s={search_term_string}"},"query-input":{"@type":"PropertyValueSpecification","valueRequired":true,"valueName":"search_term_string"}}],"inLanguage":"fr-FR"},{"@type":"Person","@id":"https:\/\/ffst.fr\/#\/schema\/person\/d5ceac8a803a0c7956c7c40306cd5d16","name":"Elisa FOURCASSIES","image":{"@type":"ImageObject","inLanguage":"fr-FR","@id":"https:\/\/secure.gravatar.com\/avatar\/9078bc962ff067f2d156410f2058f821828d682e9553632beead89e3db3535d5?s=96&d=mm&r=g","url":"https:\/\/secure.gravatar.com\/avatar\/9078bc962ff067f2d156410f2058f821828d682e9553632beead89e3db3535d5?s=96&d=mm&r=g","contentUrl":"https:\/\/secure.gravatar.com\/avatar\/9078bc962ff067f2d156410f2058f821828d682e9553632beead89e3db3535d5?s=96&d=mm&r=g","caption":"Elisa FOURCASSIES"}}]}},"_links":{"self":[{"href":"https:\/\/ffst.fr\/index.php?rest_route=\/wp\/v2\/posts\/14853","targetHints":{"allow":["GET"]}}],"collection":[{"href":"https:\/\/ffst.fr\/index.php?rest_route=\/wp\/v2\/posts"}],"about":[{"href":"https:\/\/ffst.fr\/index.php?rest_route=\/wp\/v2\/types\/post"}],"author":[{"embeddable":true,"href":"https:\/\/ffst.fr\/index.php?rest_route=\/wp\/v2\/users\/4"}],"replies":[{"embeddable":true,"href":"https:\/\/ffst.fr\/index.php?rest_route=%2Fwp%2Fv2%2Fcomments&post=14853"}],"version-history":[{"count":0,"href":"https:\/\/ffst.fr\/index.php?rest_route=\/wp\/v2\/posts\/14853\/revisions"}],"wp:attachment":[{"href":"https:\/\/ffst.fr\/index.php?rest_route=%2Fwp%2Fv2%2Fmedia&parent=14853"}],"wp:term":[{"taxonomy":"category","embeddable":true,"href":"https:\/\/ffst.fr\/index.php?rest_route=%2Fwp%2Fv2%2Fcategories&post=14853"},{"taxonomy":"post_tag","embeddable":true,"href":"https:\/\/ffst.fr\/index.php?rest_route=%2Fwp%2Fv2%2Ftags&post=14853"}],"curies":[{"name":"wp","href":"https:\/\/api.w.org\/{rel}","templated":true}]}}