{"id":14834,"date":"2026-08-18T10:08:17","date_gmt":"2026-08-18T08:08:17","guid":{"rendered":"https:\/\/ffst.fr\/?p=14834"},"modified":"2026-08-18T10:09:17","modified_gmt":"2026-08-18T08:09:17","slug":"stage-shiatsu-et-insomnies-le-20-septembre-2026-a-paris","status":"publish","type":"post","link":"https:\/\/ffst.fr\/?p=14834","title":{"rendered":"Stage Shiatsu et Insomnies, le 20 Septembre 2026 \u00e0 Paris"},"content":{"rendered":"\t\t<div data-elementor-type=\"wp-post\" data-elementor-id=\"14834\" class=\"elementor elementor-14834\" data-elementor-post-type=\"post\">\n\t\t\t\t<div class=\"elementor-element elementor-element-362c4648 e-flex e-con-boxed e-con e-parent\" data-id=\"362c4648\" data-element_type=\"container\" data-e-type=\"container\" data-settings=\"{&quot;background_background&quot;:&quot;classic&quot;}\">\n\t\t\t\t\t<div class=\"e-con-inner\">\n\t\t\t\t<div class=\"elementor-element elementor-element-15af9e25 elementor-widget elementor-widget-heading\" data-id=\"15af9e25\" data-element_type=\"widget\" data-e-type=\"widget\" data-widget_type=\"heading.default\">\n\t\t\t\t<div class=\"elementor-widget-container\">\n\t\t\t\t\t<h1 class=\"elementor-heading-title elementor-size-default\">Stage Shiatsu et Insomnies, le 20 Septembre 2026 \u00e0 Paris<\/h1>\t\t\t\t<\/div>\n\t\t\t\t<\/div>\n\t\t<div class=\"elementor-element elementor-element-2231153a e-flex e-con-boxed e-con e-child\" data-id=\"2231153a\" data-element_type=\"container\" data-e-type=\"container\">\n\t\t\t\t\t<div class=\"e-con-inner\">\n\t\t<div class=\"elementor-element elementor-element-15ce7693 e-flex e-con-boxed e-con e-child\" data-id=\"15ce7693\" data-element_type=\"container\" data-e-type=\"container\">\n\t\t\t\t\t<div class=\"e-con-inner\">\n\t\t\t\t<div class=\"elementor-element elementor-element-7c621509 elementor-widget elementor-widget-text-editor\" data-id=\"7c621509\" data-element_type=\"widget\" data-e-type=\"widget\" data-widget_type=\"text-editor.default\">\n\t\t\t\t<div class=\"elementor-widget-container\">\n\t\t\t\t\t\t\t\t\t<p align=\"left\"><span style=\"font-family: Calibri, serif;\"><b>Dates et horaires :<\/b><\/span><\/p><p align=\"left\"><span style=\"font-family: Calibri, serif;\">20 Septembre 2026 \/ 10:00 &#8211; 18:00<\/span><\/p><p align=\"left\"><span style=\"font-family: Calibri, serif;\"><b>Lieu<\/b><\/span><span style=\"font-family: Calibri, serif;\"> : Dojo Les Sens du Monde, 17 rue Lisfranc, 75020 Paris<\/span><\/p><p align=\"left\"><span style=\"font-family: Calibri, serif;\"><b>Pr\u00e9-requis<\/b><\/span><span style=\"font-family: Calibri, serif;\"> : <\/span><span style=\"color: #54595f;\"><span style=\"font-size: small;\">Stagiaires de l\u2019Art du Toucher \/ 2\u00e8me ann\u00e9e de formation Shiatsu ou \u00e9quivalent.<\/span><\/span><\/p><p align=\"left\"><span style=\"font-family: Calibri, serif;\"><b>Tarif et financement<\/b><\/span><span style=\"font-family: Calibri, serif;\"> : 160 \u20ac HT<\/span><\/p><p align=\"left\"><span style=\"font-family: Calibri, serif;\"><b>Contact et infos utiles :<\/b><\/span><\/p><ul><li><p align=\"left\"><span style=\"font-family: Calibri, serif;\">T\u00e9l\u00e9phone : 06 45 85 63 73<\/span><\/p><\/li><li><p align=\"left\"><a href=\"mailto:artdutoucher@gmail.com\"><span style=\"color: #0563c1;\"><span style=\"font-family: Calibri, serif;\"><u>artdutoucher@gmail.com<\/u><\/span><\/span><\/a><\/p><\/li><li><p align=\"left\"><span style=\"font-family: Calibri, serif;\">Site web : <\/span><a href=\"https:\/\/artdutoucher.net\/\"><span style=\"color: #0563c1;\"><span style=\"font-family: Calibri, serif;\"><u>https:\/\/artdutoucher.net\/<\/u><\/span><\/span><\/a><\/p><\/li><\/ul>\t\t\t\t\t\t\t\t<\/div>\n\t\t\t\t<\/div>\n\t\t\t\t<div class=\"elementor-element elementor-element-6aae9e60 elementor-widget elementor-widget-button\" data-id=\"6aae9e60\" data-element_type=\"widget\" data-e-type=\"widget\" data-widget_type=\"button.default\">\n\t\t\t\t<div class=\"elementor-widget-container\">\n\t\t\t\t\t\t\t\t\t<div class=\"elementor-button-wrapper\">\n\t\t\t\t\t<a class=\"elementor-button elementor-button-link elementor-size-sm\" href=\"https:\/\/artdutoucher.net\/shiatsu-insomnie\/\" target=\"_blank\">\n\t\t\t\t\t\t<span class=\"elementor-button-content-wrapper\">\n\t\t\t\t\t\t<span class=\"elementor-button-icon\">\n\t\t\t\t<svg aria-hidden=\"true\" class=\"e-font-icon-svg e-fas-external-link-alt\" viewBox=\"0 0 512 512\" xmlns=\"http:\/\/www.w3.org\/2000\/svg\"><path d=\"M432,320H400a16,16,0,0,0-16,16V448H64V128H208a16,16,0,0,0,16-16V80a16,16,0,0,0-16-16H48A48,48,0,0,0,0,112V464a48,48,0,0,0,48,48H400a48,48,0,0,0,48-48V336A16,16,0,0,0,432,320ZM488,0h-128c-21.37,0-32.05,25.91-17,41l35.73,35.73L135,320.37a24,24,0,0,0,0,34L157.67,377a24,24,0,0,0,34,0L435.28,133.32,471,169c15,15,41,4.5,41-17V24A24,24,0,0,0,488,0Z\"><\/path><\/svg>\t\t\t<\/span>\n\t\t\t\t\t\t\t\t\t<span class=\"elementor-button-text\">En savoir plus<\/span>\n\t\t\t\t\t<\/span>\n\t\t\t\t\t<\/a>\n\t\t\t\t<\/div>\n\t\t\t\t\t\t\t\t<\/div>\n\t\t\t\t<\/div>\n\t\t\t\t\t<\/div>\n\t\t\t\t<\/div>\n\t\t<div class=\"elementor-element elementor-element-f3b44f9 e-flex e-con-boxed e-con e-child\" data-id=\"f3b44f9\" data-element_type=\"container\" data-e-type=\"container\">\n\t\t\t\t\t<div class=\"e-con-inner\">\n\t\t\t\t<div class=\"elementor-element elementor-element-11243858 elementor-widget elementor-widget-image\" data-id=\"11243858\" data-element_type=\"widget\" data-e-type=\"widget\" data-widget_type=\"image.default\">\n\t\t\t\t<div class=\"elementor-widget-container\">\n\t\t\t\t\t\t\t\t\t\t\t\t\t\t\t\t<a href=\"https:\/\/ffst.fr\/wp-content\/uploads\/2026\/08\/3.png\" data-elementor-open-lightbox=\"yes\" data-e-action-hash=\"#elementor-action%3Aaction%3Dlightbox%26settings%3DeyJpZCI6MTQ4MzUsInVybCI6Imh0dHBzOlwvXC9mZnN0LmZyXC93cC1jb250ZW50XC91cGxvYWRzXC8yMDI2XC8wOFwvMy5wbmcifQ%3D%3D\">\n\t\t\t\t\t\t\t<img fetchpriority=\"high\" decoding=\"async\" width=\"1024\" height=\"1024\" src=\"https:\/\/ffst.fr\/wp-content\/uploads\/2026\/08\/3.png\" class=\"attachment-full size-full wp-image-14835\" alt=\"\" srcset=\"https:\/\/ffst.fr\/wp-content\/uploads\/2026\/08\/3.png 1024w, https:\/\/ffst.fr\/wp-content\/uploads\/2026\/08\/3-300x300.png 300w, https:\/\/ffst.fr\/wp-content\/uploads\/2026\/08\/3-150x150.png 150w, https:\/\/ffst.fr\/wp-content\/uploads\/2026\/08\/3-768x768.png 768w, https:\/\/ffst.fr\/wp-content\/uploads\/2026\/08\/3-600x600.png 600w, https:\/\/ffst.fr\/wp-content\/uploads\/2026\/08\/3-100x100.png 100w\" sizes=\"(max-width: 1024px) 100vw, 1024px\" \/>\t\t\t\t\t\t\t\t<\/a>\n\t\t\t\t\t\t\t\t\t\t\t\t\t\t\t<\/div>\n\t\t\t\t<\/div>\n\t\t\t\t\t<\/div>\n\t\t\t\t<\/div>\n\t\t\t\t\t<\/div>\n\t\t\t\t<\/div>\n\t\t\t\t<div class=\"elementor-element elementor-element-9ae32b1 elementor-widget__width-inherit elementor-widget elementor-widget-text-editor\" data-id=\"9ae32b1\" data-element_type=\"widget\" data-e-type=\"widget\" data-widget_type=\"text-editor.default\">\n\t\t\t\t<div class=\"elementor-widget-container\">\n\t\t\t\t\t\t\t\t\t<ul><li><p align=\"left\"><span style=\"font-family: Calibri, serif;\"><b>Pr\u00e9sentation de la formation<\/b><\/span><\/p><\/li><\/ul><p align=\"justify\"><span style=\"color: #1d1d1b;\"><span style=\"font-family: Calibri, serif;\">Cette formation est d\u00e9di\u00e9e \u00e0 la d\u00e9couverte et \u00e0 l\u2019approfondissement de la compr\u00e9hension de l\u2019insomnie selon les principes de la M\u00e9decine Traditionnelle Chinoise (MTC). Elle permet aux participants d\u2019explorer les liens entre le sommeil, l\u2019\u00e9quilibre \u00e9nerg\u00e9tique et les diff\u00e9rents d\u00e9s\u00e9quilibres pouvant influencer la qualit\u00e9 du repos.<\/span><\/span><\/p><p align=\"justify\"><span style=\"color: #1d1d1b;\"><span style=\"font-family: Calibri, serif;\">\u00c0 travers une approche associant th\u00e9orie et pratique, les participants d\u00e9couvrent les m\u00e9canismes du sommeil en MTC ainsi que les diff\u00e9rentes manifestations de l\u2019insomnie. Cette formation leur apporte des cl\u00e9s de lecture pour mieux comprendre les causes \u00e9nerg\u00e9tiques associ\u00e9es aux troubles du sommeil et enrichir leur accompagnement aupr\u00e8s des personnes concern\u00e9es.<\/span><\/span><\/p><p align=\"justify\"><span style=\"color: #1d1d1b;\"><span style=\"font-family: Calibri, serif;\">La partie th\u00e9orique aborde notamment :<br \/>\u2013 La physiologie du sommeil selon la MTC<br \/>\u2013 Le sommeil et les cinq mouvements<br \/>\u2013 Les fonctions du sommeil<br \/>\u2013 La place du r\u00eave en MTC<br \/>\u2013 Le monde de Shen : Po et Hun<br \/>\u2013 Les r\u00eaves li\u00e9s aux \u00e9tats de vide et de plein<br \/>\u2013 L\u2019insomnie comme expression d\u2019une relation Yin-Yang non harmonieuse<br \/>\u2013 Les grandes caract\u00e9ristiques de l\u2019insomnie<br \/>\u2013 Les conditions sp\u00e9cifiques de vide et de plein :<\/span><\/span><\/p><ul><li><p align=\"left\"><span style=\"color: #1d1d1b;\"><span style=\"font-family: Calibri, serif;\">Vide du C\u0153ur et de la Rate<\/span><\/span><\/p><\/li><li><p align=\"left\"><span style=\"color: #1d1d1b;\"><span style=\"font-family: Calibri, serif;\">Vide du C\u0153ur et des Reins<\/span><\/span><\/p><\/li><li><p align=\"left\"><span style=\"color: #1d1d1b;\"><span style=\"font-family: Calibri, serif;\">Pl\u00e9nitude du Foie et de la V\u00e9sicule biliaire<\/span><\/span><\/p><\/li><li><p align=\"left\"><span style=\"color: #1d1d1b;\"><span style=\"font-family: Calibri, serif;\">Pl\u00e9nitude de l\u2019Estomac<\/span><\/span><\/p><\/li><\/ul><p align=\"justify\"><span style=\"color: #1d1d1b;\"><span style=\"font-family: Calibri, serif;\">La partie pratique permet aux participants d\u2019exp\u00e9rimenter des approches concr\u00e8tes pouvant \u00eatre utilis\u00e9es lors d\u2019un premier accompagnement d\u2019une personne souffrant d\u2019insomnie. Elle comprend \u00e9galement un travail d\u2019automassage visant \u00e0 favoriser la d\u00e9tente et l\u2019\u00e9quilibre \u00e9nerg\u00e9tique.<\/span><\/span><\/p><p align=\"justify\"><span style=\"color: #1d1d1b;\"><span style=\"font-family: Calibri, serif;\">Cette formation s\u2019adresse aux praticiens du bien-\u00eatre, du toucher et de l\u2019accompagnement souhaitant approfondir leurs connaissances en M\u00e9decine Traditionnelle Chinoise et d\u00e9velopper de nouveaux outils dans leur pratique professionnelle.<\/span><\/span><\/p><p align=\"justify\">\u00a0<\/p><ul><li><p align=\"left\"><span style=\"font-family: Calibri, serif;\"><b>Objectifs p\u00e9dagogiques<\/b><\/span><\/p><\/li><\/ul><p align=\"left\"><span style=\"color: #1d1d1b;\"><span style=\"font-family: Calibri, serif;\">R\u00e9aliser une s\u00e9ance de shiatsu pour l\u2019insomnie de 1h<\/span><\/span><span style=\"color: #54595f;\"><span style=\"font-size: small;\">.<\/span><\/span><\/p><ul><li><p align=\"left\"><span style=\"font-family: Calibri, serif;\"><b>Public cible<\/b><\/span><\/p><\/li><\/ul><p align=\"justify\"><span style=\"font-family: Calibri, serif;\">Cette formation s\u2019adresse aux stagiaires du Cursus Shiatsu Bien-\u00eatre, aux \u00e9l\u00e8ves d\u2019autres \u00e9coles en 2\u1d49 ann\u00e9e ainsi qu\u2019aux praticiens en shiatsu souhaitant approfondir leurs connaissances. Elle s\u2019inscrit dans le cadre des cursus Shiatsu FFBME \/ FFST (250h et 500h). Les personnes en situation de handicap sont invit\u00e9es \u00e0 nous contacter afin d\u2019\u00e9tudier les possibilit\u00e9s d\u2019adaptation. <\/span><\/p><ul><li><p align=\"left\"><span style=\"font-family: Calibri, serif;\"><b>Formateur(s)<\/b><\/span><\/p><\/li><\/ul><p align=\"left\"><span style=\"color: #0563c1;\"><span style=\"font-family: Calibri, serif;\"><u><b><a href=\"https:\/\/artdutoucher.net\/equipe-de-formation\/#Daniele\">Daniele Premoli<\/a><a href=\"https:\/\/artdutoucher.net\/equipe-de-formation\/\">, <\/a><\/b><\/u><\/span><\/span><span style=\"font-family: Calibri, serif;\">\u00a0praticien de Shiatsu certifi\u00e9 par la FISieo R.O.S (F\u00e9d\u00e9ration Italienne de Shiatsu) et par la FFST (F\u00e9d\u00e9ration Fran\u00e7aise de Shiatsu Traditionnel).<\/span><\/p><h1 align=\"center\"><a name=\"_c6nfihw1labe\"><\/a><\/h1><ul><li><p align=\"left\"><span style=\"font-family: Calibri, serif;\"><b>A propos de l\u2019Art du Toucher\u00a0<\/b><\/span><\/p><\/li><\/ul><p align=\"left\"><span style=\"font-family: Calibri, serif;\">L\u2019Art du Toucher est un centre de formation d\u00e9di\u00e9 aux m\u00e9tiers du bien-\u00eatre, sp\u00e9cialis\u00e9 dans le Shiatsu, les massages du monde et les approches \u00e9nerg\u00e9tiques.\u00a0<\/span><\/p><p align=\"left\"><span style=\"font-family: Calibri, serif;\">Fond\u00e9 par Barbara Aubry, praticienne et enseignante avec plus de 20 ans d\u2019exp\u00e9rience, le centre s\u2019engage \u00e0 transmettre des savoirs riches et authentiques, dans une d\u00e9marche de bienveillance, d\u2019\u00e9coute, et de d\u00e9veloppement personnel.<\/span><\/p><p align=\"left\"><span style=\"font-family: Calibri, serif;\">Nous proposons des formations certifiantes et accessibles \u00e0 tous, que vous soyez professionnel souhaitant perfectionner vos comp\u00e9tences ou en pleine reconversion dans le domaine du bien-\u00eatre<\/span><\/p>\t\t\t\t\t\t\t\t<\/div>\n\t\t\t\t<\/div>\n\t\t\t\t<div class=\"elementor-element elementor-element-4801747 elementor-widget elementor-widget-image\" data-id=\"4801747\" data-element_type=\"widget\" data-e-type=\"widget\" data-widget_type=\"image.default\">\n\t\t\t\t<div class=\"elementor-widget-container\">\n\t\t\t\t\t\t\t\t\t\t\t\t\t\t\t<img decoding=\"async\" width=\"500\" height=\"500\" src=\"https:\/\/ffst.fr\/wp-content\/uploads\/2024\/01\/federation-francaise-de-shiatsu-traditionnel-logo.png\" class=\"attachment-large size-large wp-image-744\" alt=\"Logo F\u00e9d\u00e9ration Fran\u00e7aise de Shiatsu Traditionnel\" srcset=\"https:\/\/ffst.fr\/wp-content\/uploads\/2024\/01\/federation-francaise-de-shiatsu-traditionnel-logo.png 500w, https:\/\/ffst.fr\/wp-content\/uploads\/2024\/01\/federation-francaise-de-shiatsu-traditionnel-logo-300x300.png 300w, https:\/\/ffst.fr\/wp-content\/uploads\/2024\/01\/federation-francaise-de-shiatsu-traditionnel-logo-150x150.png 150w\" sizes=\"(max-width: 500px) 100vw, 500px\" \/>\t\t\t\t\t\t\t\t\t\t\t\t\t\t\t<\/div>\n\t\t\t\t<\/div>\n\t\t\t\t<div class=\"elementor-element elementor-element-11b26793 elementor-widget elementor-widget-html\" data-id=\"11b26793\" data-element_type=\"widget\" data-e-type=\"widget\" data-widget_type=\"html.default\">\n\t\t\t\t<div class=\"elementor-widget-container\">\n\t\t\t\t\t<button onclick=\"goBack()\">Retour \u00e0 la page pr\u00e9c\u00e9dente<\/button>\r\n\r\n<script>\r\nfunction goBack() {\r\n  window.history.back();\r\n}\r\n<\/script>\t\t\t\t<\/div>\n\t\t\t\t<\/div>\n\t\t\t\t\t<\/div>\n\t\t\t\t<\/div>\n\t\t\t\t<\/div>\n\t\t","protected":false},"excerpt":{"rendered":"<p>Dates et horaires : 20 Septembre 2026 \/ 10:00 &#8211; 18:00 Lieu : Dojo Les Sens du Monde, 17 rue Lisfranc, 75020 Paris Pr\u00e9-requis : Stagiaires de l\u2019Art du Toucher \/ 2\u00e8me ann\u00e9e de formation Shiatsu ou \u00e9quivalent. Tarif et financement : 160 \u20ac HT Contact et infos utiles : T\u00e9l\u00e9phone : 06 45 85 [&hellip;]<\/p>\n","protected":false},"author":4,"featured_media":14835,"comment_status":"closed","ping_status":"closed","sticky":false,"template":"","format":"standard","meta":{"_acf_changed":false,"inline_featured_image":false,"footnotes":""},"categories":[10],"tags":[69],"class_list":["post-14834","post","type-post","status-publish","format-standard","has-post-thumbnail","hentry","category-stages","tag-shiatsu-humain"],"acf":[],"yoast_head":"<!-- This site is optimized with the Yoast SEO plugin v28.3 - https:\/\/yoast.com\/product\/yoast-seo-wordpress\/ -->\n<title>Stage Shiatsu et Insomnies, le 20 Septembre 2026 \u00e0 Paris - F\u00e9d\u00e9ration Fran\u00e7aise de Shiatsu Traditionnel<\/title>\n<meta name=\"robots\" content=\"index, follow, max-snippet:-1, max-image-preview:large, max-video-preview:-1\" \/>\n<link rel=\"canonical\" href=\"https:\/\/ffst.fr\/stage-shiatsu-et-insomnies-le-20-septembre-2026-a-paris\/\" \/>\n<meta property=\"og:locale\" content=\"fr_FR\" \/>\n<meta property=\"og:type\" content=\"article\" \/>\n<meta property=\"og:title\" content=\"Stage Shiatsu et Insomnies, le 20 Septembre 2026 \u00e0 Paris - F\u00e9d\u00e9ration Fran\u00e7aise de Shiatsu Traditionnel\" \/>\n<meta property=\"og:description\" content=\"Dates et horaires : 20 Septembre 2026 \/ 10:00 &#8211; 18:00 Lieu : Dojo Les Sens du Monde, 17 rue Lisfranc, 75020 Paris Pr\u00e9-requis : Stagiaires de l\u2019Art du Toucher \/ 2\u00e8me ann\u00e9e de formation Shiatsu ou \u00e9quivalent. Tarif et financement : 160 \u20ac HT Contact et infos utiles : T\u00e9l\u00e9phone : 06 45 85 [&hellip;]\" \/>\n<meta property=\"og:url\" content=\"https:\/\/ffst.fr\/stage-shiatsu-et-insomnies-le-20-septembre-2026-a-paris\/\" \/>\n<meta property=\"og:site_name\" content=\"F\u00e9d\u00e9ration Fran\u00e7aise de Shiatsu Traditionnel\" \/>\n<meta property=\"article:published_time\" content=\"2026-08-18T08:08:17+00:00\" \/>\n<meta property=\"article:modified_time\" content=\"2026-08-18T08:09:17+00:00\" \/>\n<meta property=\"og:image\" content=\"https:\/\/ffst.fr\/wp-content\/uploads\/2026\/08\/3.png\" \/>\n\t<meta property=\"og:image:width\" content=\"1024\" \/>\n\t<meta property=\"og:image:height\" content=\"1024\" \/>\n\t<meta property=\"og:image:type\" content=\"image\/png\" \/>\n<meta name=\"author\" content=\"Elisa FOURCASSIES\" \/>\n<meta name=\"twitter:card\" content=\"summary_large_image\" \/>\n<meta name=\"twitter:label1\" content=\"\u00c9crit par\" \/>\n\t<meta name=\"twitter:data1\" content=\"Elisa FOURCASSIES\" \/>\n\t<meta name=\"twitter:label2\" content=\"Dur\u00e9e de lecture estim\u00e9e\" \/>\n\t<meta name=\"twitter:data2\" content=\"3 minutes\" \/>\n<script type=\"application\/ld+json\" class=\"yoast-schema-graph\">{\"@context\":\"https:\\\/\\\/schema.org\",\"@graph\":[{\"@type\":\"Article\",\"@id\":\"https:\\\/\\\/ffst.fr\\\/stage-shiatsu-et-insomnies-le-20-septembre-2026-a-paris\\\/#article\",\"isPartOf\":{\"@id\":\"https:\\\/\\\/ffst.fr\\\/stage-shiatsu-et-insomnies-le-20-septembre-2026-a-paris\\\/\"},\"author\":{\"name\":\"Elisa FOURCASSIES\",\"@id\":\"https:\\\/\\\/ffst.fr\\\/#\\\/schema\\\/person\\\/d5ceac8a803a0c7956c7c40306cd5d16\"},\"headline\":\"Stage Shiatsu et Insomnies, le 20 Septembre 2026 \u00e0 Paris\",\"datePublished\":\"2026-08-18T08:08:17+00:00\",\"dateModified\":\"2026-08-18T08:09:17+00:00\",\"mainEntityOfPage\":{\"@id\":\"https:\\\/\\\/ffst.fr\\\/stage-shiatsu-et-insomnies-le-20-septembre-2026-a-paris\\\/\"},\"wordCount\":585,\"image\":{\"@id\":\"https:\\\/\\\/ffst.fr\\\/stage-shiatsu-et-insomnies-le-20-septembre-2026-a-paris\\\/#primaryimage\"},\"thumbnailUrl\":\"https:\\\/\\\/ffst.fr\\\/wp-content\\\/uploads\\\/2026\\\/08\\\/3.png\",\"keywords\":[\"Shiatsu humain\"],\"articleSection\":[\"Stages\"],\"inLanguage\":\"fr-FR\"},{\"@type\":\"WebPage\",\"@id\":\"https:\\\/\\\/ffst.fr\\\/stage-shiatsu-et-insomnies-le-20-septembre-2026-a-paris\\\/\",\"url\":\"https:\\\/\\\/ffst.fr\\\/stage-shiatsu-et-insomnies-le-20-septembre-2026-a-paris\\\/\",\"name\":\"Stage Shiatsu et Insomnies, le 20 Septembre 2026 \u00e0 Paris - F\u00e9d\u00e9ration Fran\u00e7aise de Shiatsu Traditionnel\",\"isPartOf\":{\"@id\":\"https:\\\/\\\/ffst.fr\\\/#website\"},\"primaryImageOfPage\":{\"@id\":\"https:\\\/\\\/ffst.fr\\\/stage-shiatsu-et-insomnies-le-20-septembre-2026-a-paris\\\/#primaryimage\"},\"image\":{\"@id\":\"https:\\\/\\\/ffst.fr\\\/stage-shiatsu-et-insomnies-le-20-septembre-2026-a-paris\\\/#primaryimage\"},\"thumbnailUrl\":\"https:\\\/\\\/ffst.fr\\\/wp-content\\\/uploads\\\/2026\\\/08\\\/3.png\",\"datePublished\":\"2026-08-18T08:08:17+00:00\",\"dateModified\":\"2026-08-18T08:09:17+00:00\",\"author\":{\"@id\":\"https:\\\/\\\/ffst.fr\\\/#\\\/schema\\\/person\\\/d5ceac8a803a0c7956c7c40306cd5d16\"},\"breadcrumb\":{\"@id\":\"https:\\\/\\\/ffst.fr\\\/stage-shiatsu-et-insomnies-le-20-septembre-2026-a-paris\\\/#breadcrumb\"},\"inLanguage\":\"fr-FR\",\"potentialAction\":[{\"@type\":\"ReadAction\",\"target\":[\"https:\\\/\\\/ffst.fr\\\/stage-shiatsu-et-insomnies-le-20-septembre-2026-a-paris\\\/\"]}]},{\"@type\":\"ImageObject\",\"inLanguage\":\"fr-FR\",\"@id\":\"https:\\\/\\\/ffst.fr\\\/stage-shiatsu-et-insomnies-le-20-septembre-2026-a-paris\\\/#primaryimage\",\"url\":\"https:\\\/\\\/ffst.fr\\\/wp-content\\\/uploads\\\/2026\\\/08\\\/3.png\",\"contentUrl\":\"https:\\\/\\\/ffst.fr\\\/wp-content\\\/uploads\\\/2026\\\/08\\\/3.png\",\"width\":1024,\"height\":1024},{\"@type\":\"BreadcrumbList\",\"@id\":\"https:\\\/\\\/ffst.fr\\\/stage-shiatsu-et-insomnies-le-20-septembre-2026-a-paris\\\/#breadcrumb\",\"itemListElement\":[{\"@type\":\"ListItem\",\"position\":1,\"name\":\"Accueil\",\"item\":\"https:\\\/\\\/ffst.fr\\\/\"},{\"@type\":\"ListItem\",\"position\":2,\"name\":\"Stage Shiatsu et Insomnies, le 20 Septembre 2026 \u00e0 Paris\"}]},{\"@type\":\"WebSite\",\"@id\":\"https:\\\/\\\/ffst.fr\\\/#website\",\"url\":\"https:\\\/\\\/ffst.fr\\\/\",\"name\":\"F\u00e9d\u00e9ration Fran\u00e7aise de Shiatsu Traditionnel\",\"description\":\"\",\"potentialAction\":[{\"@type\":\"SearchAction\",\"target\":{\"@type\":\"EntryPoint\",\"urlTemplate\":\"https:\\\/\\\/ffst.fr\\\/?s={search_term_string}\"},\"query-input\":{\"@type\":\"PropertyValueSpecification\",\"valueRequired\":true,\"valueName\":\"search_term_string\"}}],\"inLanguage\":\"fr-FR\"},{\"@type\":\"Person\",\"@id\":\"https:\\\/\\\/ffst.fr\\\/#\\\/schema\\\/person\\\/d5ceac8a803a0c7956c7c40306cd5d16\",\"name\":\"Elisa FOURCASSIES\",\"image\":{\"@type\":\"ImageObject\",\"inLanguage\":\"fr-FR\",\"@id\":\"https:\\\/\\\/secure.gravatar.com\\\/avatar\\\/9078bc962ff067f2d156410f2058f821828d682e9553632beead89e3db3535d5?s=96&d=mm&r=g\",\"url\":\"https:\\\/\\\/secure.gravatar.com\\\/avatar\\\/9078bc962ff067f2d156410f2058f821828d682e9553632beead89e3db3535d5?s=96&d=mm&r=g\",\"contentUrl\":\"https:\\\/\\\/secure.gravatar.com\\\/avatar\\\/9078bc962ff067f2d156410f2058f821828d682e9553632beead89e3db3535d5?s=96&d=mm&r=g\",\"caption\":\"Elisa FOURCASSIES\"}}]}<\/script>\n<!-- \/ Yoast SEO plugin. -->","yoast_head_json":{"title":"Stage Shiatsu et Insomnies, le 20 Septembre 2026 \u00e0 Paris - F\u00e9d\u00e9ration Fran\u00e7aise de Shiatsu Traditionnel","robots":{"index":"index","follow":"follow","max-snippet":"max-snippet:-1","max-image-preview":"max-image-preview:large","max-video-preview":"max-video-preview:-1"},"canonical":"https:\/\/ffst.fr\/stage-shiatsu-et-insomnies-le-20-septembre-2026-a-paris\/","og_locale":"fr_FR","og_type":"article","og_title":"Stage Shiatsu et Insomnies, le 20 Septembre 2026 \u00e0 Paris - F\u00e9d\u00e9ration Fran\u00e7aise de Shiatsu Traditionnel","og_description":"Dates et horaires : 20 Septembre 2026 \/ 10:00 &#8211; 18:00 Lieu : Dojo Les Sens du Monde, 17 rue Lisfranc, 75020 Paris Pr\u00e9-requis : Stagiaires de l\u2019Art du Toucher \/ 2\u00e8me ann\u00e9e de formation Shiatsu ou \u00e9quivalent. Tarif et financement : 160 \u20ac HT Contact et infos utiles : T\u00e9l\u00e9phone : 06 45 85 [&hellip;]","og_url":"https:\/\/ffst.fr\/stage-shiatsu-et-insomnies-le-20-septembre-2026-a-paris\/","og_site_name":"F\u00e9d\u00e9ration Fran\u00e7aise de Shiatsu Traditionnel","article_published_time":"2026-08-18T08:08:17+00:00","article_modified_time":"2026-08-18T08:09:17+00:00","og_image":[{"width":1024,"height":1024,"url":"https:\/\/ffst.fr\/wp-content\/uploads\/2026\/08\/3.png","type":"image\/png"}],"author":"Elisa FOURCASSIES","twitter_card":"summary_large_image","twitter_misc":{"\u00c9crit par":"Elisa FOURCASSIES","Dur\u00e9e de lecture estim\u00e9e":"3 minutes"},"schema":{"@context":"https:\/\/schema.org","@graph":[{"@type":"Article","@id":"https:\/\/ffst.fr\/stage-shiatsu-et-insomnies-le-20-septembre-2026-a-paris\/#article","isPartOf":{"@id":"https:\/\/ffst.fr\/stage-shiatsu-et-insomnies-le-20-septembre-2026-a-paris\/"},"author":{"name":"Elisa FOURCASSIES","@id":"https:\/\/ffst.fr\/#\/schema\/person\/d5ceac8a803a0c7956c7c40306cd5d16"},"headline":"Stage Shiatsu et Insomnies, le 20 Septembre 2026 \u00e0 Paris","datePublished":"2026-08-18T08:08:17+00:00","dateModified":"2026-08-18T08:09:17+00:00","mainEntityOfPage":{"@id":"https:\/\/ffst.fr\/stage-shiatsu-et-insomnies-le-20-septembre-2026-a-paris\/"},"wordCount":585,"image":{"@id":"https:\/\/ffst.fr\/stage-shiatsu-et-insomnies-le-20-septembre-2026-a-paris\/#primaryimage"},"thumbnailUrl":"https:\/\/ffst.fr\/wp-content\/uploads\/2026\/08\/3.png","keywords":["Shiatsu humain"],"articleSection":["Stages"],"inLanguage":"fr-FR"},{"@type":"WebPage","@id":"https:\/\/ffst.fr\/stage-shiatsu-et-insomnies-le-20-septembre-2026-a-paris\/","url":"https:\/\/ffst.fr\/stage-shiatsu-et-insomnies-le-20-septembre-2026-a-paris\/","name":"Stage Shiatsu et Insomnies, le 20 Septembre 2026 \u00e0 Paris - F\u00e9d\u00e9ration Fran\u00e7aise de Shiatsu Traditionnel","isPartOf":{"@id":"https:\/\/ffst.fr\/#website"},"primaryImageOfPage":{"@id":"https:\/\/ffst.fr\/stage-shiatsu-et-insomnies-le-20-septembre-2026-a-paris\/#primaryimage"},"image":{"@id":"https:\/\/ffst.fr\/stage-shiatsu-et-insomnies-le-20-septembre-2026-a-paris\/#primaryimage"},"thumbnailUrl":"https:\/\/ffst.fr\/wp-content\/uploads\/2026\/08\/3.png","datePublished":"2026-08-18T08:08:17+00:00","dateModified":"2026-08-18T08:09:17+00:00","author":{"@id":"https:\/\/ffst.fr\/#\/schema\/person\/d5ceac8a803a0c7956c7c40306cd5d16"},"breadcrumb":{"@id":"https:\/\/ffst.fr\/stage-shiatsu-et-insomnies-le-20-septembre-2026-a-paris\/#breadcrumb"},"inLanguage":"fr-FR","potentialAction":[{"@type":"ReadAction","target":["https:\/\/ffst.fr\/stage-shiatsu-et-insomnies-le-20-septembre-2026-a-paris\/"]}]},{"@type":"ImageObject","inLanguage":"fr-FR","@id":"https:\/\/ffst.fr\/stage-shiatsu-et-insomnies-le-20-septembre-2026-a-paris\/#primaryimage","url":"https:\/\/ffst.fr\/wp-content\/uploads\/2026\/08\/3.png","contentUrl":"https:\/\/ffst.fr\/wp-content\/uploads\/2026\/08\/3.png","width":1024,"height":1024},{"@type":"BreadcrumbList","@id":"https:\/\/ffst.fr\/stage-shiatsu-et-insomnies-le-20-septembre-2026-a-paris\/#breadcrumb","itemListElement":[{"@type":"ListItem","position":1,"name":"Accueil","item":"https:\/\/ffst.fr\/"},{"@type":"ListItem","position":2,"name":"Stage Shiatsu et Insomnies, le 20 Septembre 2026 \u00e0 Paris"}]},{"@type":"WebSite","@id":"https:\/\/ffst.fr\/#website","url":"https:\/\/ffst.fr\/","name":"F\u00e9d\u00e9ration Fran\u00e7aise de Shiatsu Traditionnel","description":"","potentialAction":[{"@type":"SearchAction","target":{"@type":"EntryPoint","urlTemplate":"https:\/\/ffst.fr\/?s={search_term_string}"},"query-input":{"@type":"PropertyValueSpecification","valueRequired":true,"valueName":"search_term_string"}}],"inLanguage":"fr-FR"},{"@type":"Person","@id":"https:\/\/ffst.fr\/#\/schema\/person\/d5ceac8a803a0c7956c7c40306cd5d16","name":"Elisa FOURCASSIES","image":{"@type":"ImageObject","inLanguage":"fr-FR","@id":"https:\/\/secure.gravatar.com\/avatar\/9078bc962ff067f2d156410f2058f821828d682e9553632beead89e3db3535d5?s=96&d=mm&r=g","url":"https:\/\/secure.gravatar.com\/avatar\/9078bc962ff067f2d156410f2058f821828d682e9553632beead89e3db3535d5?s=96&d=mm&r=g","contentUrl":"https:\/\/secure.gravatar.com\/avatar\/9078bc962ff067f2d156410f2058f821828d682e9553632beead89e3db3535d5?s=96&d=mm&r=g","caption":"Elisa FOURCASSIES"}}]}},"_links":{"self":[{"href":"https:\/\/ffst.fr\/index.php?rest_route=\/wp\/v2\/posts\/14834","targetHints":{"allow":["GET"]}}],"collection":[{"href":"https:\/\/ffst.fr\/index.php?rest_route=\/wp\/v2\/posts"}],"about":[{"href":"https:\/\/ffst.fr\/index.php?rest_route=\/wp\/v2\/types\/post"}],"author":[{"embeddable":true,"href":"https:\/\/ffst.fr\/index.php?rest_route=\/wp\/v2\/users\/4"}],"replies":[{"embeddable":true,"href":"https:\/\/ffst.fr\/index.php?rest_route=%2Fwp%2Fv2%2Fcomments&post=14834"}],"version-history":[{"count":0,"href":"https:\/\/ffst.fr\/index.php?rest_route=\/wp\/v2\/posts\/14834\/revisions"}],"wp:featuredmedia":[{"embeddable":true,"href":"https:\/\/ffst.fr\/index.php?rest_route=\/wp\/v2\/media\/14835"}],"wp:attachment":[{"href":"https:\/\/ffst.fr\/index.php?rest_route=%2Fwp%2Fv2%2Fmedia&parent=14834"}],"wp:term":[{"taxonomy":"category","embeddable":true,"href":"https:\/\/ffst.fr\/index.php?rest_route=%2Fwp%2Fv2%2Fcategories&post=14834"},{"taxonomy":"post_tag","embeddable":true,"href":"https:\/\/ffst.fr\/index.php?rest_route=%2Fwp%2Fv2%2Ftags&post=14834"}],"curies":[{"name":"wp","href":"https:\/\/api.w.org\/{rel}","templated":true}]}}