{"id":14820,"date":"2026-08-18T09:40:47","date_gmt":"2026-08-18T07:40:47","guid":{"rendered":"https:\/\/ffst.fr\/?p=14820"},"modified":"2026-08-18T09:47:57","modified_gmt":"2026-08-18T07:47:57","slug":"stage-shiatsu-du-visage-les-12-13-septembre-2026-a-paris","status":"publish","type":"post","link":"https:\/\/ffst.fr\/?p=14820","title":{"rendered":"Stage SHIATSU DU VISAGE, les 12-13 Septembre 2026 \u00e0 Paris"},"content":{"rendered":"\t\t<div data-elementor-type=\"wp-post\" data-elementor-id=\"14820\" class=\"elementor elementor-14820\" data-elementor-post-type=\"post\">\n\t\t\t\t<div class=\"elementor-element elementor-element-5c67a9f1 e-flex e-con-boxed e-con e-parent\" data-id=\"5c67a9f1\" data-element_type=\"container\" data-e-type=\"container\" data-settings=\"{&quot;background_background&quot;:&quot;classic&quot;}\">\n\t\t\t\t\t<div class=\"e-con-inner\">\n\t\t\t\t<div class=\"elementor-element elementor-element-358f9278 elementor-widget elementor-widget-heading\" data-id=\"358f9278\" data-element_type=\"widget\" data-e-type=\"widget\" data-widget_type=\"heading.default\">\n\t\t\t\t<div class=\"elementor-widget-container\">\n\t\t\t\t\t<h1 class=\"elementor-heading-title elementor-size-default\">Stage SHIATSU DU VISAGE, les 12-13 Septembre 2026 \u00e0 Paris<\/h1>\t\t\t\t<\/div>\n\t\t\t\t<\/div>\n\t\t<div class=\"elementor-element elementor-element-6c4f77c5 e-flex e-con-boxed e-con e-child\" data-id=\"6c4f77c5\" data-element_type=\"container\" data-e-type=\"container\">\n\t\t\t\t\t<div class=\"e-con-inner\">\n\t\t<div class=\"elementor-element elementor-element-7cf9147e e-flex e-con-boxed e-con e-child\" data-id=\"7cf9147e\" data-element_type=\"container\" data-e-type=\"container\">\n\t\t\t\t\t<div class=\"e-con-inner\">\n\t\t\t\t<div class=\"elementor-element elementor-element-38a27410 elementor-widget elementor-widget-text-editor\" data-id=\"38a27410\" data-element_type=\"widget\" data-e-type=\"widget\" data-widget_type=\"text-editor.default\">\n\t\t\t\t<div class=\"elementor-widget-container\">\n\t\t\t\t\t\t\t\t\t<p align=\"left\"><span style=\"font-family: Calibri, serif;\"><b>Dates et horaires :<\/b><\/span><\/p><p align=\"left\"><span style=\"font-family: Calibri, serif;\">12-13 Septembre 2026 \/ 10:00 &#8211; 18:00<\/span><\/p><p align=\"left\"><span style=\"font-family: Calibri, serif;\"><b>Lieu<\/b><\/span><span style=\"font-family: Calibri, serif;\"> : Dojo Les Sens du Monde, 17 rue Lisfranc, 75020 Paris<\/span><\/p><p align=\"left\"><span style=\"font-family: Calibri, serif;\"><b>Pr\u00e9-requis<\/b><\/span><span style=\"font-family: Calibri, serif;\"> : Sans pr\u00e9-requis dans le toucher.<\/span><\/p><p align=\"left\"><span style=\"font-family: Calibri, serif;\"><b>Tarif et financement<\/b><\/span><span style=\"font-family: Calibri, serif;\"> : 320 \u20ac HT<\/span><\/p><p align=\"left\"><span style=\"font-family: Calibri, serif;\"><b>Contact et infos utiles :<\/b><\/span><\/p><ul><li><p align=\"left\"><span style=\"font-family: Calibri, serif;\">T\u00e9l\u00e9phone : 06 45 85 63 73<\/span><\/p><\/li><li><p align=\"left\"><a href=\"mailto:artdutoucher@gmail.com\"><span style=\"color: #0563c1;\"><span style=\"font-family: Calibri, serif;\"><u>artdutoucher@gmail.com<\/u><\/span><\/span><\/a><\/p><\/li><li><p align=\"left\"><span style=\"font-family: Calibri, serif;\">Site web : <\/span><a href=\"https:\/\/artdutoucher.net\/\"><span style=\"color: #0563c1;\"><span style=\"font-family: Calibri, serif;\"><u>https:\/\/artdutoucher.net\/<\/u><\/span><\/span><\/a><\/p><\/li><\/ul>\t\t\t\t\t\t\t\t<\/div>\n\t\t\t\t<\/div>\n\t\t\t\t<div class=\"elementor-element elementor-element-9f18d3c elementor-widget elementor-widget-button\" data-id=\"9f18d3c\" data-element_type=\"widget\" data-e-type=\"widget\" data-widget_type=\"button.default\">\n\t\t\t\t<div class=\"elementor-widget-container\">\n\t\t\t\t\t\t\t\t\t<div class=\"elementor-button-wrapper\">\n\t\t\t\t\t<a class=\"elementor-button elementor-button-link elementor-size-sm\" href=\"https:\/\/artdutoucher.net\/shiatsu-du-visage\/\" target=\"_blank\">\n\t\t\t\t\t\t<span class=\"elementor-button-content-wrapper\">\n\t\t\t\t\t\t<span class=\"elementor-button-icon\">\n\t\t\t\t<svg aria-hidden=\"true\" class=\"e-font-icon-svg e-fas-external-link-alt\" viewBox=\"0 0 512 512\" xmlns=\"http:\/\/www.w3.org\/2000\/svg\"><path d=\"M432,320H400a16,16,0,0,0-16,16V448H64V128H208a16,16,0,0,0,16-16V80a16,16,0,0,0-16-16H48A48,48,0,0,0,0,112V464a48,48,0,0,0,48,48H400a48,48,0,0,0,48-48V336A16,16,0,0,0,432,320ZM488,0h-128c-21.37,0-32.05,25.91-17,41l35.73,35.73L135,320.37a24,24,0,0,0,0,34L157.67,377a24,24,0,0,0,34,0L435.28,133.32,471,169c15,15,41,4.5,41-17V24A24,24,0,0,0,488,0Z\"><\/path><\/svg>\t\t\t<\/span>\n\t\t\t\t\t\t\t\t\t<span class=\"elementor-button-text\">En savoir plus<\/span>\n\t\t\t\t\t<\/span>\n\t\t\t\t\t<\/a>\n\t\t\t\t<\/div>\n\t\t\t\t\t\t\t\t<\/div>\n\t\t\t\t<\/div>\n\t\t\t\t\t<\/div>\n\t\t\t\t<\/div>\n\t\t<div class=\"elementor-element elementor-element-42f5ea77 e-flex e-con-boxed e-con e-child\" data-id=\"42f5ea77\" data-element_type=\"container\" data-e-type=\"container\">\n\t\t\t\t\t<div class=\"e-con-inner\">\n\t\t\t\t<div class=\"elementor-element elementor-element-3f5950a8 elementor-widget elementor-widget-image\" data-id=\"3f5950a8\" data-element_type=\"widget\" data-e-type=\"widget\" data-widget_type=\"image.default\">\n\t\t\t\t<div class=\"elementor-widget-container\">\n\t\t\t\t\t\t\t\t\t\t\t\t\t\t\t\t<a href=\"https:\/\/ffst.fr\/wp-content\/uploads\/2026\/08\/2.png\" data-elementor-open-lightbox=\"yes\" data-e-action-hash=\"#elementor-action%3Aaction%3Dlightbox%26settings%3DeyJpZCI6MTQ4MjUsInVybCI6Imh0dHBzOlwvXC9mZnN0LmZyXC93cC1jb250ZW50XC91cGxvYWRzXC8yMDI2XC8wOFwvMi5wbmcifQ%3D%3D\">\n\t\t\t\t\t\t\t<img fetchpriority=\"high\" decoding=\"async\" width=\"1024\" height=\"1024\" src=\"https:\/\/ffst.fr\/wp-content\/uploads\/2026\/08\/2.png\" class=\"attachment-full size-full wp-image-14825\" alt=\"\" srcset=\"https:\/\/ffst.fr\/wp-content\/uploads\/2026\/08\/2.png 1024w, https:\/\/ffst.fr\/wp-content\/uploads\/2026\/08\/2-300x300.png 300w, https:\/\/ffst.fr\/wp-content\/uploads\/2026\/08\/2-150x150.png 150w, https:\/\/ffst.fr\/wp-content\/uploads\/2026\/08\/2-768x768.png 768w, https:\/\/ffst.fr\/wp-content\/uploads\/2026\/08\/2-600x600.png 600w, https:\/\/ffst.fr\/wp-content\/uploads\/2026\/08\/2-100x100.png 100w\" sizes=\"(max-width: 1024px) 100vw, 1024px\" \/>\t\t\t\t\t\t\t\t<\/a>\n\t\t\t\t\t\t\t\t\t\t\t\t\t\t\t<\/div>\n\t\t\t\t<\/div>\n\t\t\t\t\t<\/div>\n\t\t\t\t<\/div>\n\t\t\t\t\t<\/div>\n\t\t\t\t<\/div>\n\t\t\t\t<div class=\"elementor-element elementor-element-67c58d9e elementor-widget__width-inherit elementor-widget elementor-widget-text-editor\" data-id=\"67c58d9e\" data-element_type=\"widget\" data-e-type=\"widget\" data-widget_type=\"text-editor.default\">\n\t\t\t\t<div class=\"elementor-widget-container\">\n\t\t\t\t\t\t\t\t\t<ul><li><p align=\"left\"><span style=\"font-family: Calibri, serif;\"><b>Pr\u00e9sentation de la formation<\/b><\/span><\/p><\/li><\/ul><p align=\"justify\"><span style=\"color: #1d1d1b;\"><span style=\"font-family: Calibri, serif;\">Cette formation en Shiatsu du Visage vise \u00e0 offrir aux participants <\/span><\/span><span style=\"color: #1d1d1b;\"><span style=\"font-family: Calibri, serif;\"><b>des comp\u00e9tences pratiques<\/b><\/span><\/span><span style=\"color: #1d1d1b;\"><span style=\"font-family: Calibri, serif;\"> et <\/span><\/span><span style=\"color: #1d1d1b;\"><span style=\"font-family: Calibri, serif;\"><b>th\u00e9oriques<\/b><\/span><\/span><span style=\"color: #1d1d1b;\"><span style=\"font-family: Calibri, serif;\"> essentielles pour <\/span><\/span><span style=\"color: #1d1d1b;\"><span style=\"font-family: Calibri, serif;\"><b>int\u00e9grer cette technique de bien-\u00eatre dans leur pratique professionnelle<\/b><\/span><\/span><span style=\"color: #1d1d1b;\"><span style=\"font-family: Calibri, serif;\">. <\/span><\/span><\/p><p align=\"justify\"><span style=\"color: #1d1d1b;\"><span style=\"font-family: Calibri, serif;\">Elle permettra aux praticiens de d\u00e9velopper une <\/span><\/span><span style=\"color: #1d1d1b;\"><span style=\"font-family: Calibri, serif;\"><b>approche holistique<\/b><\/span><\/span><span style=\"color: #1d1d1b;\"><span style=\"font-family: Calibri, serif;\">, favorisant la relaxation et le r\u00e9\u00e9quilibrage \u00e9nerg\u00e9tique, tout en am\u00e9liorant leur relation avec les clients. Les participants acquerront ainsi un <\/span><\/span><span style=\"color: #1d1d1b;\"><span style=\"font-family: Calibri, serif;\"><b>savoir-faire unique<\/b><\/span><\/span><span style=\"color: #1d1d1b;\"><span style=\"font-family: Calibri, serif;\"> et <\/span><\/span><span style=\"color: #1d1d1b;\"><span style=\"font-family: Calibri, serif;\"><b>une posture bienveillante<\/b><\/span><\/span><span style=\"color: #1d1d1b;\"><span style=\"font-family: Calibri, serif;\">, leur permettant d&#8217;apporter un b\u00e9n\u00e9fice concret \u00e0 leurs patients.<\/span><\/span><\/p><p align=\"justify\"><span style=\"color: #1d1d1b;\"><span style=\"font-family: Calibri, serif;\">Les grands axes abord\u00e9s durant cette formation incluent<\/span><\/span><span style=\"color: #1d1d1b;\"><span style=\"font-family: Calibri, serif;\"><b> l&#8217;apprentissage des techniques sp\u00e9cifiques de Shiatsu appliqu\u00e9es au visage<\/b><\/span><\/span><span style=\"color: #1d1d1b;\"><span style=\"font-family: Calibri, serif;\">, ainsi que <\/span><\/span><span style=\"color: #1d1d1b;\"><span style=\"font-family: Calibri, serif;\"><b>l&#8217;utilisation d&#8217;outils adapt\u00e9s pour optimiser les s\u00e9ances<\/b><\/span><\/span><span style=\"color: #1d1d1b;\"><span style=\"font-family: Calibri, serif;\">. L&#8217;approche p\u00e9dagogique adopt\u00e9e est \u00e0 la fois pratique et exp\u00e9rientielle, favorisant l&#8217;immersion des participants dans des situations r\u00e9elles afin de renforcer leur confiance en eux. En outre, la formation se distingue par sa signature p\u00e9dagogique, ax\u00e9e sur l&#8217;\u00e9coute active et le respect de l&#8217;individualit\u00e9 de chaque client, garantissant ainsi un accompagnement sur mesure.<\/span><\/span><\/p><p align=\"justify\"><span style=\"color: #1d1d1b;\"><span style=\"font-family: Calibri, serif;\">Cette formation s&#8217;adresse principalement<\/span><\/span><span style=\"color: #1d1d1b;\"><span style=\"font-family: Calibri, serif;\"><b> aux praticiens d\u00e9j\u00e0 install\u00e9s dans le domaine du bien-\u00eatre<\/b><\/span><\/span><span style=\"color: #1d1d1b;\"><span style=\"font-family: Calibri, serif;\">, ainsi qu&#8217;\u00e0 <\/span><\/span><span style=\"color: #1d1d1b;\"><span style=\"font-family: Calibri, serif;\"><b>ceux en reconversion souhaitant enrichir leur palette de comp\u00e9tences<\/b><\/span><\/span><span style=\"color: #1d1d1b;\"><span style=\"font-family: Calibri, serif;\">. Aucun pr\u00e9-requis sp\u00e9cifique n&#8217;est n\u00e9cessaire, bien que des connaissances de base en techniques de massage soient un atout pour les participants. Ainsi, cette formation se veut accessible \u00e0 un large public d\u00e9sireux de se former \u00e0 une<\/span><\/span><span style=\"color: #1d1d1b;\"><span style=\"font-family: Calibri, serif;\"><b> pratique innovante et adapt\u00e9e aux besoins contemporains<\/b><\/span><\/span><span style=\"color: #1d1d1b;\"><span style=\"font-family: Calibri, serif;\">.<\/span><\/span><\/p><p align=\"justify\"><span style=\"color: #1d1d1b;\"><span style=\"font-family: Calibri, serif;\">Pour en conna\u00eetre le <\/span><\/span><span style=\"color: #1d1d1b;\"><span style=\"font-family: Calibri, serif;\"><b>programme d\u00e9taill\u00e9<\/b><\/span><\/span><span style=\"color: #1d1d1b;\"><span style=\"font-family: Calibri, serif;\"> et vous inscrire, nous vous invitons \u00e0 d\u00e9couvrir la formation compl\u00e8te sur notre site en <\/span><\/span><a href=\"https:\/\/artdutoucher.net\/shiatsu-du-visage\/\"><span style=\"color: #1155cc;\"><span style=\"font-family: Calibri, serif;\"><u>cliquant ici.<\/u><\/span><\/span><\/a><span style=\"color: #1d1d1b;\"><span style=\"font-family: Calibri, serif;\"> Ne manquez pas cette occasion d&#8217;approfondir vos comp\u00e9tences et de <\/span><\/span><span style=\"color: #1d1d1b;\"><span style=\"font-family: Calibri, serif;\"><b>transformer votre approche du bien-\u00eatre<\/b><\/span><\/span><span style=\"color: #1d1d1b;\"><span style=\"font-family: Calibri, serif;\"> !<\/span><\/span><\/p><ul><li><p align=\"left\"><span style=\"font-family: Calibri, serif;\"><b>Objectifs p\u00e9dagogiques<\/b><\/span><\/p><\/li><\/ul><p align=\"left\"><span style=\"font-family: Calibri, serif;\">Appliquer un protocole de Shiatsu du visage d\u2019environ 1 heure.<\/span><\/p><ul><li><p align=\"left\"><span style=\"font-family: Calibri, serif;\"><b>Public cible<\/b><\/span><\/p><\/li><\/ul><p align=\"left\"><span style=\"font-family: Calibri, serif;\">La formation s\u2019adresse aux personnes qui souhaitent faire du Shiatsu du visage un m\u00e9tier ou ajouter de nouvelles comp\u00e9tences \u00e0 leur m\u00e9tier actuel.<\/span><\/p><p align=\"left\"><span style=\"font-family: Calibri, serif;\">Les personnes en situation de handicap peuvent \u00e9galement nous contacter afin d\u2019\u00e9tudier les diff\u00e9rentes compensations possibles.<\/span><\/p><ul><li><p align=\"left\"><span style=\"font-family: Calibri, serif;\"><b>Formateur(s)<\/b><\/span><\/p><\/li><\/ul><p align=\"left\"><a href=\"https:\/\/artdutoucher.net\/equipe-de-formation\/#Julia\"><span style=\"color: #1155cc;\"><span style=\"font-family: Calibri, serif;\"><u>Julia Metzmacher<\/u><\/span><\/span><\/a><span style=\"font-family: Calibri, serif;\">, pianiste-musicologue et p\u00e9dagogue de formation, a fait tr\u00e8s vite l\u2019heureux lien entre sa sensibilit\u00e9 artistique et les techniques corporelles.<\/span><\/p>\t\t\t\t\t\t\t\t<\/div>\n\t\t\t\t<\/div>\n\t\t\t\t<div class=\"elementor-element elementor-element-72be528c elementor-widget elementor-widget-image\" data-id=\"72be528c\" data-element_type=\"widget\" data-e-type=\"widget\" data-widget_type=\"image.default\">\n\t\t\t\t<div class=\"elementor-widget-container\">\n\t\t\t\t\t\t\t\t\t\t\t\t\t\t\t<img decoding=\"async\" width=\"500\" height=\"500\" src=\"https:\/\/ffst.fr\/wp-content\/uploads\/2024\/01\/federation-francaise-de-shiatsu-traditionnel-logo.png\" class=\"attachment-large size-large wp-image-744\" alt=\"Logo F\u00e9d\u00e9ration Fran\u00e7aise de Shiatsu Traditionnel\" srcset=\"https:\/\/ffst.fr\/wp-content\/uploads\/2024\/01\/federation-francaise-de-shiatsu-traditionnel-logo.png 500w, https:\/\/ffst.fr\/wp-content\/uploads\/2024\/01\/federation-francaise-de-shiatsu-traditionnel-logo-300x300.png 300w, https:\/\/ffst.fr\/wp-content\/uploads\/2024\/01\/federation-francaise-de-shiatsu-traditionnel-logo-150x150.png 150w\" sizes=\"(max-width: 500px) 100vw, 500px\" \/>\t\t\t\t\t\t\t\t\t\t\t\t\t\t\t<\/div>\n\t\t\t\t<\/div>\n\t\t\t\t<div class=\"elementor-element elementor-element-42ba0a96 elementor-widget elementor-widget-html\" data-id=\"42ba0a96\" data-element_type=\"widget\" data-e-type=\"widget\" data-widget_type=\"html.default\">\n\t\t\t\t<div class=\"elementor-widget-container\">\n\t\t\t\t\t<button onclick=\"goBack()\">Retour \u00e0 la page pr\u00e9c\u00e9dente<\/button>\r\n\r\n<script>\r\nfunction goBack() {\r\n  window.history.back();\r\n}\r\n<\/script>\t\t\t\t<\/div>\n\t\t\t\t<\/div>\n\t\t\t\t\t<\/div>\n\t\t\t\t<\/div>\n\t\t\t\t<\/div>\n\t\t","protected":false},"excerpt":{"rendered":"<p>Dates et horaires : 12-13 Septembre 2026 \/ 10:00 &#8211; 18:00 Lieu : Dojo Les Sens du Monde, 17 rue Lisfranc, 75020 Paris Pr\u00e9-requis : Sans pr\u00e9-requis dans le toucher. Tarif et financement : 320 \u20ac HT Contact et infos utiles : T\u00e9l\u00e9phone : 06 45 85 63 73 artdutoucher@gmail.com Site web : https:\/\/artdutoucher.net\/ En [&hellip;]<\/p>\n","protected":false},"author":4,"featured_media":14825,"comment_status":"closed","ping_status":"closed","sticky":false,"template":"","format":"standard","meta":{"_acf_changed":false,"inline_featured_image":false,"footnotes":""},"categories":[10],"tags":[69],"class_list":["post-14820","post","type-post","status-publish","format-standard","has-post-thumbnail","hentry","category-stages","tag-shiatsu-humain"],"acf":[],"yoast_head":"<!-- This site is optimized with the Yoast SEO plugin v28.3 - https:\/\/yoast.com\/product\/yoast-seo-wordpress\/ -->\n<title>Stage SHIATSU DU VISAGE, les 12-13 Septembre 2026 \u00e0 Paris - F\u00e9d\u00e9ration Fran\u00e7aise de Shiatsu Traditionnel<\/title>\n<meta name=\"robots\" content=\"index, follow, max-snippet:-1, max-image-preview:large, max-video-preview:-1\" \/>\n<link rel=\"canonical\" href=\"https:\/\/ffst.fr\/stage-shiatsu-du-visage-les-12-13-septembre-2026-a-paris\/\" \/>\n<meta property=\"og:locale\" content=\"fr_FR\" \/>\n<meta property=\"og:type\" content=\"article\" \/>\n<meta property=\"og:title\" content=\"Stage SHIATSU DU VISAGE, les 12-13 Septembre 2026 \u00e0 Paris - F\u00e9d\u00e9ration Fran\u00e7aise de Shiatsu Traditionnel\" \/>\n<meta property=\"og:description\" content=\"Dates et horaires : 12-13 Septembre 2026 \/ 10:00 &#8211; 18:00 Lieu : Dojo Les Sens du Monde, 17 rue Lisfranc, 75020 Paris Pr\u00e9-requis : Sans pr\u00e9-requis dans le toucher. Tarif et financement : 320 \u20ac HT Contact et infos utiles : T\u00e9l\u00e9phone : 06 45 85 63 73 artdutoucher@gmail.com Site web : https:\/\/artdutoucher.net\/ En [&hellip;]\" \/>\n<meta property=\"og:url\" content=\"https:\/\/ffst.fr\/stage-shiatsu-du-visage-les-12-13-septembre-2026-a-paris\/\" \/>\n<meta property=\"og:site_name\" content=\"F\u00e9d\u00e9ration Fran\u00e7aise de Shiatsu Traditionnel\" \/>\n<meta property=\"article:published_time\" content=\"2026-08-18T07:40:47+00:00\" \/>\n<meta property=\"article:modified_time\" content=\"2026-08-18T07:47:57+00:00\" \/>\n<meta property=\"og:image\" content=\"https:\/\/ffst.fr\/wp-content\/uploads\/2026\/08\/2.png\" \/>\n\t<meta property=\"og:image:width\" content=\"1024\" \/>\n\t<meta property=\"og:image:height\" content=\"1024\" \/>\n\t<meta property=\"og:image:type\" content=\"image\/png\" \/>\n<meta name=\"author\" content=\"Elisa FOURCASSIES\" \/>\n<meta name=\"twitter:card\" content=\"summary_large_image\" \/>\n<meta name=\"twitter:label1\" content=\"\u00c9crit par\" \/>\n\t<meta name=\"twitter:data1\" content=\"Elisa FOURCASSIES\" \/>\n\t<meta name=\"twitter:label2\" content=\"Dur\u00e9e de lecture estim\u00e9e\" \/>\n\t<meta name=\"twitter:data2\" content=\"3 minutes\" \/>\n<script type=\"application\/ld+json\" class=\"yoast-schema-graph\">{\"@context\":\"https:\\\/\\\/schema.org\",\"@graph\":[{\"@type\":\"Article\",\"@id\":\"https:\\\/\\\/ffst.fr\\\/stage-shiatsu-du-visage-les-12-13-septembre-2026-a-paris\\\/#article\",\"isPartOf\":{\"@id\":\"https:\\\/\\\/ffst.fr\\\/stage-shiatsu-du-visage-les-12-13-septembre-2026-a-paris\\\/\"},\"author\":{\"name\":\"Elisa FOURCASSIES\",\"@id\":\"https:\\\/\\\/ffst.fr\\\/#\\\/schema\\\/person\\\/d5ceac8a803a0c7956c7c40306cd5d16\"},\"headline\":\"Stage SHIATSU DU VISAGE, les 12-13 Septembre 2026 \u00e0 Paris\",\"datePublished\":\"2026-08-18T07:40:47+00:00\",\"dateModified\":\"2026-08-18T07:47:57+00:00\",\"mainEntityOfPage\":{\"@id\":\"https:\\\/\\\/ffst.fr\\\/stage-shiatsu-du-visage-les-12-13-septembre-2026-a-paris\\\/\"},\"wordCount\":446,\"image\":{\"@id\":\"https:\\\/\\\/ffst.fr\\\/stage-shiatsu-du-visage-les-12-13-septembre-2026-a-paris\\\/#primaryimage\"},\"thumbnailUrl\":\"https:\\\/\\\/ffst.fr\\\/wp-content\\\/uploads\\\/2026\\\/08\\\/2.png\",\"keywords\":[\"Shiatsu humain\"],\"articleSection\":[\"Stages\"],\"inLanguage\":\"fr-FR\"},{\"@type\":\"WebPage\",\"@id\":\"https:\\\/\\\/ffst.fr\\\/stage-shiatsu-du-visage-les-12-13-septembre-2026-a-paris\\\/\",\"url\":\"https:\\\/\\\/ffst.fr\\\/stage-shiatsu-du-visage-les-12-13-septembre-2026-a-paris\\\/\",\"name\":\"Stage SHIATSU DU VISAGE, les 12-13 Septembre 2026 \u00e0 Paris - F\u00e9d\u00e9ration Fran\u00e7aise de Shiatsu Traditionnel\",\"isPartOf\":{\"@id\":\"https:\\\/\\\/ffst.fr\\\/#website\"},\"primaryImageOfPage\":{\"@id\":\"https:\\\/\\\/ffst.fr\\\/stage-shiatsu-du-visage-les-12-13-septembre-2026-a-paris\\\/#primaryimage\"},\"image\":{\"@id\":\"https:\\\/\\\/ffst.fr\\\/stage-shiatsu-du-visage-les-12-13-septembre-2026-a-paris\\\/#primaryimage\"},\"thumbnailUrl\":\"https:\\\/\\\/ffst.fr\\\/wp-content\\\/uploads\\\/2026\\\/08\\\/2.png\",\"datePublished\":\"2026-08-18T07:40:47+00:00\",\"dateModified\":\"2026-08-18T07:47:57+00:00\",\"author\":{\"@id\":\"https:\\\/\\\/ffst.fr\\\/#\\\/schema\\\/person\\\/d5ceac8a803a0c7956c7c40306cd5d16\"},\"breadcrumb\":{\"@id\":\"https:\\\/\\\/ffst.fr\\\/stage-shiatsu-du-visage-les-12-13-septembre-2026-a-paris\\\/#breadcrumb\"},\"inLanguage\":\"fr-FR\",\"potentialAction\":[{\"@type\":\"ReadAction\",\"target\":[\"https:\\\/\\\/ffst.fr\\\/stage-shiatsu-du-visage-les-12-13-septembre-2026-a-paris\\\/\"]}]},{\"@type\":\"ImageObject\",\"inLanguage\":\"fr-FR\",\"@id\":\"https:\\\/\\\/ffst.fr\\\/stage-shiatsu-du-visage-les-12-13-septembre-2026-a-paris\\\/#primaryimage\",\"url\":\"https:\\\/\\\/ffst.fr\\\/wp-content\\\/uploads\\\/2026\\\/08\\\/2.png\",\"contentUrl\":\"https:\\\/\\\/ffst.fr\\\/wp-content\\\/uploads\\\/2026\\\/08\\\/2.png\",\"width\":1024,\"height\":1024},{\"@type\":\"BreadcrumbList\",\"@id\":\"https:\\\/\\\/ffst.fr\\\/stage-shiatsu-du-visage-les-12-13-septembre-2026-a-paris\\\/#breadcrumb\",\"itemListElement\":[{\"@type\":\"ListItem\",\"position\":1,\"name\":\"Accueil\",\"item\":\"https:\\\/\\\/ffst.fr\\\/\"},{\"@type\":\"ListItem\",\"position\":2,\"name\":\"Stage SHIATSU DU VISAGE, les 12-13 Septembre 2026 \u00e0 Paris\"}]},{\"@type\":\"WebSite\",\"@id\":\"https:\\\/\\\/ffst.fr\\\/#website\",\"url\":\"https:\\\/\\\/ffst.fr\\\/\",\"name\":\"F\u00e9d\u00e9ration Fran\u00e7aise de Shiatsu Traditionnel\",\"description\":\"\",\"potentialAction\":[{\"@type\":\"SearchAction\",\"target\":{\"@type\":\"EntryPoint\",\"urlTemplate\":\"https:\\\/\\\/ffst.fr\\\/?s={search_term_string}\"},\"query-input\":{\"@type\":\"PropertyValueSpecification\",\"valueRequired\":true,\"valueName\":\"search_term_string\"}}],\"inLanguage\":\"fr-FR\"},{\"@type\":\"Person\",\"@id\":\"https:\\\/\\\/ffst.fr\\\/#\\\/schema\\\/person\\\/d5ceac8a803a0c7956c7c40306cd5d16\",\"name\":\"Elisa FOURCASSIES\",\"image\":{\"@type\":\"ImageObject\",\"inLanguage\":\"fr-FR\",\"@id\":\"https:\\\/\\\/secure.gravatar.com\\\/avatar\\\/9078bc962ff067f2d156410f2058f821828d682e9553632beead89e3db3535d5?s=96&d=mm&r=g\",\"url\":\"https:\\\/\\\/secure.gravatar.com\\\/avatar\\\/9078bc962ff067f2d156410f2058f821828d682e9553632beead89e3db3535d5?s=96&d=mm&r=g\",\"contentUrl\":\"https:\\\/\\\/secure.gravatar.com\\\/avatar\\\/9078bc962ff067f2d156410f2058f821828d682e9553632beead89e3db3535d5?s=96&d=mm&r=g\",\"caption\":\"Elisa FOURCASSIES\"}}]}<\/script>\n<!-- \/ Yoast SEO plugin. -->","yoast_head_json":{"title":"Stage SHIATSU DU VISAGE, les 12-13 Septembre 2026 \u00e0 Paris - F\u00e9d\u00e9ration Fran\u00e7aise de Shiatsu Traditionnel","robots":{"index":"index","follow":"follow","max-snippet":"max-snippet:-1","max-image-preview":"max-image-preview:large","max-video-preview":"max-video-preview:-1"},"canonical":"https:\/\/ffst.fr\/stage-shiatsu-du-visage-les-12-13-septembre-2026-a-paris\/","og_locale":"fr_FR","og_type":"article","og_title":"Stage SHIATSU DU VISAGE, les 12-13 Septembre 2026 \u00e0 Paris - F\u00e9d\u00e9ration Fran\u00e7aise de Shiatsu Traditionnel","og_description":"Dates et horaires : 12-13 Septembre 2026 \/ 10:00 &#8211; 18:00 Lieu : Dojo Les Sens du Monde, 17 rue Lisfranc, 75020 Paris Pr\u00e9-requis : Sans pr\u00e9-requis dans le toucher. Tarif et financement : 320 \u20ac HT Contact et infos utiles : T\u00e9l\u00e9phone : 06 45 85 63 73 artdutoucher@gmail.com Site web : https:\/\/artdutoucher.net\/ En [&hellip;]","og_url":"https:\/\/ffst.fr\/stage-shiatsu-du-visage-les-12-13-septembre-2026-a-paris\/","og_site_name":"F\u00e9d\u00e9ration Fran\u00e7aise de Shiatsu Traditionnel","article_published_time":"2026-08-18T07:40:47+00:00","article_modified_time":"2026-08-18T07:47:57+00:00","og_image":[{"width":1024,"height":1024,"url":"https:\/\/ffst.fr\/wp-content\/uploads\/2026\/08\/2.png","type":"image\/png"}],"author":"Elisa FOURCASSIES","twitter_card":"summary_large_image","twitter_misc":{"\u00c9crit par":"Elisa FOURCASSIES","Dur\u00e9e de lecture estim\u00e9e":"3 minutes"},"schema":{"@context":"https:\/\/schema.org","@graph":[{"@type":"Article","@id":"https:\/\/ffst.fr\/stage-shiatsu-du-visage-les-12-13-septembre-2026-a-paris\/#article","isPartOf":{"@id":"https:\/\/ffst.fr\/stage-shiatsu-du-visage-les-12-13-septembre-2026-a-paris\/"},"author":{"name":"Elisa FOURCASSIES","@id":"https:\/\/ffst.fr\/#\/schema\/person\/d5ceac8a803a0c7956c7c40306cd5d16"},"headline":"Stage SHIATSU DU VISAGE, les 12-13 Septembre 2026 \u00e0 Paris","datePublished":"2026-08-18T07:40:47+00:00","dateModified":"2026-08-18T07:47:57+00:00","mainEntityOfPage":{"@id":"https:\/\/ffst.fr\/stage-shiatsu-du-visage-les-12-13-septembre-2026-a-paris\/"},"wordCount":446,"image":{"@id":"https:\/\/ffst.fr\/stage-shiatsu-du-visage-les-12-13-septembre-2026-a-paris\/#primaryimage"},"thumbnailUrl":"https:\/\/ffst.fr\/wp-content\/uploads\/2026\/08\/2.png","keywords":["Shiatsu humain"],"articleSection":["Stages"],"inLanguage":"fr-FR"},{"@type":"WebPage","@id":"https:\/\/ffst.fr\/stage-shiatsu-du-visage-les-12-13-septembre-2026-a-paris\/","url":"https:\/\/ffst.fr\/stage-shiatsu-du-visage-les-12-13-septembre-2026-a-paris\/","name":"Stage SHIATSU DU VISAGE, les 12-13 Septembre 2026 \u00e0 Paris - F\u00e9d\u00e9ration Fran\u00e7aise de Shiatsu Traditionnel","isPartOf":{"@id":"https:\/\/ffst.fr\/#website"},"primaryImageOfPage":{"@id":"https:\/\/ffst.fr\/stage-shiatsu-du-visage-les-12-13-septembre-2026-a-paris\/#primaryimage"},"image":{"@id":"https:\/\/ffst.fr\/stage-shiatsu-du-visage-les-12-13-septembre-2026-a-paris\/#primaryimage"},"thumbnailUrl":"https:\/\/ffst.fr\/wp-content\/uploads\/2026\/08\/2.png","datePublished":"2026-08-18T07:40:47+00:00","dateModified":"2026-08-18T07:47:57+00:00","author":{"@id":"https:\/\/ffst.fr\/#\/schema\/person\/d5ceac8a803a0c7956c7c40306cd5d16"},"breadcrumb":{"@id":"https:\/\/ffst.fr\/stage-shiatsu-du-visage-les-12-13-septembre-2026-a-paris\/#breadcrumb"},"inLanguage":"fr-FR","potentialAction":[{"@type":"ReadAction","target":["https:\/\/ffst.fr\/stage-shiatsu-du-visage-les-12-13-septembre-2026-a-paris\/"]}]},{"@type":"ImageObject","inLanguage":"fr-FR","@id":"https:\/\/ffst.fr\/stage-shiatsu-du-visage-les-12-13-septembre-2026-a-paris\/#primaryimage","url":"https:\/\/ffst.fr\/wp-content\/uploads\/2026\/08\/2.png","contentUrl":"https:\/\/ffst.fr\/wp-content\/uploads\/2026\/08\/2.png","width":1024,"height":1024},{"@type":"BreadcrumbList","@id":"https:\/\/ffst.fr\/stage-shiatsu-du-visage-les-12-13-septembre-2026-a-paris\/#breadcrumb","itemListElement":[{"@type":"ListItem","position":1,"name":"Accueil","item":"https:\/\/ffst.fr\/"},{"@type":"ListItem","position":2,"name":"Stage SHIATSU DU VISAGE, les 12-13 Septembre 2026 \u00e0 Paris"}]},{"@type":"WebSite","@id":"https:\/\/ffst.fr\/#website","url":"https:\/\/ffst.fr\/","name":"F\u00e9d\u00e9ration Fran\u00e7aise de Shiatsu Traditionnel","description":"","potentialAction":[{"@type":"SearchAction","target":{"@type":"EntryPoint","urlTemplate":"https:\/\/ffst.fr\/?s={search_term_string}"},"query-input":{"@type":"PropertyValueSpecification","valueRequired":true,"valueName":"search_term_string"}}],"inLanguage":"fr-FR"},{"@type":"Person","@id":"https:\/\/ffst.fr\/#\/schema\/person\/d5ceac8a803a0c7956c7c40306cd5d16","name":"Elisa FOURCASSIES","image":{"@type":"ImageObject","inLanguage":"fr-FR","@id":"https:\/\/secure.gravatar.com\/avatar\/9078bc962ff067f2d156410f2058f821828d682e9553632beead89e3db3535d5?s=96&d=mm&r=g","url":"https:\/\/secure.gravatar.com\/avatar\/9078bc962ff067f2d156410f2058f821828d682e9553632beead89e3db3535d5?s=96&d=mm&r=g","contentUrl":"https:\/\/secure.gravatar.com\/avatar\/9078bc962ff067f2d156410f2058f821828d682e9553632beead89e3db3535d5?s=96&d=mm&r=g","caption":"Elisa FOURCASSIES"}}]}},"_links":{"self":[{"href":"https:\/\/ffst.fr\/index.php?rest_route=\/wp\/v2\/posts\/14820","targetHints":{"allow":["GET"]}}],"collection":[{"href":"https:\/\/ffst.fr\/index.php?rest_route=\/wp\/v2\/posts"}],"about":[{"href":"https:\/\/ffst.fr\/index.php?rest_route=\/wp\/v2\/types\/post"}],"author":[{"embeddable":true,"href":"https:\/\/ffst.fr\/index.php?rest_route=\/wp\/v2\/users\/4"}],"replies":[{"embeddable":true,"href":"https:\/\/ffst.fr\/index.php?rest_route=%2Fwp%2Fv2%2Fcomments&post=14820"}],"version-history":[{"count":0,"href":"https:\/\/ffst.fr\/index.php?rest_route=\/wp\/v2\/posts\/14820\/revisions"}],"wp:featuredmedia":[{"embeddable":true,"href":"https:\/\/ffst.fr\/index.php?rest_route=\/wp\/v2\/media\/14825"}],"wp:attachment":[{"href":"https:\/\/ffst.fr\/index.php?rest_route=%2Fwp%2Fv2%2Fmedia&parent=14820"}],"wp:term":[{"taxonomy":"category","embeddable":true,"href":"https:\/\/ffst.fr\/index.php?rest_route=%2Fwp%2Fv2%2Fcategories&post=14820"},{"taxonomy":"post_tag","embeddable":true,"href":"https:\/\/ffst.fr\/index.php?rest_route=%2Fwp%2Fv2%2Ftags&post=14820"}],"curies":[{"name":"wp","href":"https:\/\/api.w.org\/{rel}","templated":true}]}}